{"id":3552,"date":"2023-11-22T15:59:03","date_gmt":"2023-11-22T15:59:03","guid":{"rendered":"https:\/\/partedepesca.com.ar\/d\/?p=3552"},"modified":"2023-11-24T18:16:07","modified_gmt":"2023-11-24T18:16:07","slug":"sigue-la-danza-de-nombres-para-la-subsecretaria-de-pesca","status":"publish","type":"post","link":"https:\/\/partedepesca.com.ar\/d\/sigue-la-danza-de-nombres-para-la-subsecretaria-de-pesca\/","title":{"rendered":"Sigue la danza de nombres para la Subsecretar\u00eda de Pesca"},"content":{"rendered":"\n<p>Horas decisivas en el armado del nuevo equipo de gobierno del Presidente Electo, Javier Milei, que prev\u00e9 una fuerte poda respecto a la actual estructura ministerial. Desde el domingo se multiplican las versiones y \u2018operaciones\u2019 en torno a qui\u00e9n finalmente recalar\u00e1 en la estrat\u00e9gica Subsecretar\u00eda de Pesca de la Naci\u00f3n.<\/p>\n\n\n\n<p>Ayer se realiz\u00f3 el primer contacto formal de transici\u00f3n en la Secretar\u00eda de Agricultura, Ganader\u00eda y Pesca de la Naci\u00f3n, sin la presencia de referente del \u00e1rea de pesca de parte del gobierno entrante.<\/p>\n\n\n\n<p>Ya hab\u00eda trascendido que desde el n\u00facleo de LLA hab\u00edan contactado al intendente marplatense Guillermo Montenegro para que aporte nombres para la integraci\u00f3n de la Subsecretar\u00eda de Pesca. Tambi\u00e9n se le habr\u00eda solicitado sugerencias al gobernador electo de Chubut, Ignacio Torres, este a su vez habr\u00eda conversado con representantes del empresariado local y desde la flota amarilla recomendaron al actual representante provincial en el CFP, Adri\u00e1n Awstin, que estar\u00eda en la n\u00f3mina de propuestos, entre los que despu\u00e9s resolver\u00e1 el c\u00edrculo estrecho de Milei.<\/p>\n\n\n\n<p>En tanto, la exprecandidata presidencial Patricia Bullrich juega hoy un rol importante en el armado de los casilleros del futuro Gobierno, y cuando ella se reuni\u00f3 con referentes de la industria pesquera, lo hizo acompa\u00f1ada por Juan Manuel Bosch, tal como lo refleja la foto que circul\u00f3 en el \u00e1mbito empresarial en pleno proceso electoral antes que se llegara al ballotage.<\/p>\n\n\n\n<p><strong>TORRES INCORPORA LIBERTARIOS AL GABINETE<\/strong><\/p>\n\n\n\n<p>La flamante Liga de Gobernadores de JxC se re\u00fane este mi\u00e9rcoles en Buenos Aires en la Casa de Mendoza, donde los mandatarios empezar\u00e1n a delinear la estrategia de v\u00ednculo con el gobierno electo, y como un eje de poder la relaci\u00f3n institucional que mantendr\u00e1n con los nuevos inquilinos de la Casa Rosada.<\/p>\n\n\n\n<p>El chubutense \u201cNacho\u201d Torres, integra esa liga, y previo al encuentro anunci\u00f3 que en su gabinete \u201chabr\u00e1 una libertaria\u201d, que la acompa\u00f1ar\u00e1 hoy a la reuni\u00f3n que mantendr\u00e1 con los equipos de Milei, se trata de la excomisario Laura Mirantes que fue candidata a diputada nacional por LLA en Chubut. Esa incorporaci\u00f3n representa un fuerte gui\u00f1o pol\u00edtico de Torres a Milei, con quien aseguran mantiene un fluido di\u00e1logo.<\/p>\n\n\n\n<p><strong>TREFFINGER EN LA GATERA<\/strong><\/p>\n\n\n\n<p>Por otra parte, circul\u00f3 que el electo diputado nacional por Chubut de La Libertad Avanza, C\u00e9sar Treffinger, tambi\u00e9n aparec\u00eda en la grilla de quienes pretenden aterrizar en el manejo de la administraci\u00f3n pesquera nacional, una caja siempre apetecible, dicen.<\/p>\n\n\n\n<p>Treffiger es un empresario comodorense, sin ning\u00fan tipo de v\u00ednculo o relaci\u00f3n con la actividad pesquera, pero ciertamente fue el \u00fanico referente pol\u00edtico de Chubut que apost\u00f3 por Milei desde el d\u00eda cero.<\/p>\n\n\n\n<p><strong>TRANSICI\u00d3N EN AGRICULTURA, GANADER\u00cdA Y PESCA<\/strong><\/p>\n\n\n\n<p>Ayer, el secretario de Agricultura, Ganader\u00eda y Pesca de la Naci\u00f3n, Juan Jos\u00e9 Bahillo, recibi\u00f3 a los referentes de La Libertad Avanza para ir preparando el cambio de gobierno.<\/p>\n\n\n\n<figure class=\"wp-block-image size-full\"><a href=\"https:\/\/partedepesca.com.ar\/d\/wp-content\/uploads\/2023\/11\/transicion-agricultura.jpg\"><img fetchpriority=\"high\" decoding=\"async\" width=\"1024\" height=\"551\" src=\"https:\/\/partedepesca.com.ar\/d\/wp-content\/uploads\/2023\/11\/transicion-agricultura.jpg\" alt=\"\" class=\"wp-image-3554\" srcset=\"https:\/\/partedepesca.com.ar\/d\/wp-content\/uploads\/2023\/11\/transicion-agricultura.jpg 1024w, https:\/\/partedepesca.com.ar\/d\/wp-content\/uploads\/2023\/11\/transicion-agricultura-300x161.jpg 300w, https:\/\/partedepesca.com.ar\/d\/wp-content\/uploads\/2023\/11\/transicion-agricultura-768x413.jpg 768w, https:\/\/partedepesca.com.ar\/d\/wp-content\/uploads\/2023\/11\/transicion-agricultura-150x81.jpg 150w, https:\/\/partedepesca.com.ar\/d\/wp-content\/uploads\/2023\/11\/transicion-agricultura-450x242.jpg 450w\" sizes=\"(max-width: 1024px) 100vw, 1024px\" \/><\/a><\/figure>\n\n\n\n<p>Junto a Bahillo, estuvo presente el Jefe de gabinete de asesores, Juan Manuel Fern\u00e1ndez Arocena y Rosendo Tarsetti, Subsecretario de gesti\u00f3n administrativa; mientras que por el espacio del presidente electo Javier Milei, participaron Fernando Vilella, Director del programa de bioeconom\u00eda (FAUBA), Pedro Vigneau, Presidente de Maizar y Germ\u00e1n Paats, Fundaci\u00f3n Barbechando.<\/p>\n","protected":false},"excerpt":{"rendered":"<p>Horas decisivas en el armado del nuevo equipo de gobierno del Presidente Electo, Javier Milei, que prev\u00e9 una fuerte poda respecto a la actual estructura ministerial. Desde el domingo se multiplican las versiones y \u2018operaciones\u2019 en torno a qui\u00e9n finalmente recalar\u00e1 en la estrat\u00e9gica Subsecretar\u00eda de Pesca de la Naci\u00f3n. Ayer se realiz\u00f3 el primer<\/p>\n","protected":false},"author":3,"featured_media":3553,"comment_status":"open","ping_status":"open","sticky":false,"template":"","format":"standard","meta":{"om_disable_all_campaigns":false,"_monsterinsights_skip_tracking":false,"_monsterinsights_sitenote_active":false,"_monsterinsights_sitenote_note":"","_monsterinsights_sitenote_category":0,"footnotes":""},"categories":[9],"tags":[91,510],"class_list":{"0":"post-3552","1":"post","2":"type-post","3":"status-publish","4":"format-standard","5":"has-post-thumbnail","7":"category-actualidad","8":"tag-featured","9":"tag-subsecretaria-de-pesca"},"aioseo_notices":[],"amp_enabled":true,"_links":{"self":[{"href":"https:\/\/partedepesca.com.ar\/d\/wp-json\/wp\/v2\/posts\/3552","targetHints":{"allow":["GET"]}}],"collection":[{"href":"https:\/\/partedepesca.com.ar\/d\/wp-json\/wp\/v2\/posts"}],"about":[{"href":"https:\/\/partedepesca.com.ar\/d\/wp-json\/wp\/v2\/types\/post"}],"author":[{"embeddable":true,"href":"https:\/\/partedepesca.com.ar\/d\/wp-json\/wp\/v2\/users\/3"}],"replies":[{"embeddable":true,"href":"https:\/\/partedepesca.com.ar\/d\/wp-json\/wp\/v2\/comments?post=3552"}],"version-history":[{"count":1,"href":"https:\/\/partedepesca.com.ar\/d\/wp-json\/wp\/v2\/posts\/3552\/revisions"}],"predecessor-version":[{"id":3555,"href":"https:\/\/partedepesca.com.ar\/d\/wp-json\/wp\/v2\/posts\/3552\/revisions\/3555"}],"wp:featuredmedia":[{"embeddable":true,"href":"https:\/\/partedepesca.com.ar\/d\/wp-json\/wp\/v2\/media\/3553"}],"wp:attachment":[{"href":"https:\/\/partedepesca.com.ar\/d\/wp-json\/wp\/v2\/media?parent=3552"}],"wp:term":[{"taxonomy":"category","embeddable":true,"href":"https:\/\/partedepesca.com.ar\/d\/wp-json\/wp\/v2\/categories?post=3552"},{"taxonomy":"post_tag","embeddable":true,"href":"https:\/\/partedepesca.com.ar\/d\/wp-json\/wp\/v2\/tags?post=3552"}],"curies":[{"name":"wp","href":"https:\/\/api.w.org\/{rel}","templated":true}]}}