{"id":3548,"date":"2023-11-22T15:53:17","date_gmt":"2023-11-22T15:53:17","guid":{"rendered":"https:\/\/partedepesca.com.ar\/d\/?p=3548"},"modified":"2023-11-23T02:33:40","modified_gmt":"2023-11-23T02:33:40","slug":"aguilar-pidio-la-renuncia-a-todos-los-funcionarios-de-la-secretaria-de-pesca","status":"publish","type":"post","link":"https:\/\/partedepesca.com.ar\/d\/aguilar-pidio-la-renuncia-a-todos-los-funcionarios-de-la-secretaria-de-pesca\/","title":{"rendered":"Aguilar pidi\u00f3 la renuncia a todos los funcionarios de la Secretar\u00eda de Pesca"},"content":{"rendered":"\n<p>A pocas semanas del recambio institucional de Gobierno, en la cartera pesquera de Chubut se solicit\u00f3 que todos los funcionarios redacten su dimisi\u00f3n a los cargos.<\/p>\n\n\n\n<p>\u201cPor disposici\u00f3n del se\u00f1or Secretario de Pesca, Gabriel Aguilar, y en el marco del cambio de gesti\u00f3n, informo a ustedes que, el d\u00eda 12 de noviembre del corriente a\u00f1o deber\u00e1n dejar a disposici\u00f3n, las renuncias a sus cargos pol\u00edticos que vienen desempe\u00f1ando dentro de la Secretar\u00eda de Pesca del Chubut&#8221;, notific\u00f3 el Director General de Pesca, Sebasti\u00e1n Cejas, en una circular interna.<\/p>\n\n\n\n<figure class=\"wp-block-image size-large\"><a href=\"https:\/\/partedepesca.com.ar\/d\/wp-content\/uploads\/2023\/11\/WhatsApp-Image-2023-11-22-at-12.24.23.jpeg\"><img fetchpriority=\"high\" decoding=\"async\" width=\"768\" height=\"1024\" src=\"https:\/\/partedepesca.com.ar\/d\/wp-content\/uploads\/2023\/11\/WhatsApp-Image-2023-11-22-at-12.24.23-768x1024.jpeg\" alt=\"\" class=\"wp-image-3550\" srcset=\"https:\/\/partedepesca.com.ar\/d\/wp-content\/uploads\/2023\/11\/WhatsApp-Image-2023-11-22-at-12.24.23-768x1024.jpeg 768w, https:\/\/partedepesca.com.ar\/d\/wp-content\/uploads\/2023\/11\/WhatsApp-Image-2023-11-22-at-12.24.23-225x300.jpeg 225w, https:\/\/partedepesca.com.ar\/d\/wp-content\/uploads\/2023\/11\/WhatsApp-Image-2023-11-22-at-12.24.23-150x200.jpeg 150w, https:\/\/partedepesca.com.ar\/d\/wp-content\/uploads\/2023\/11\/WhatsApp-Image-2023-11-22-at-12.24.23-450x600.jpeg 450w, https:\/\/partedepesca.com.ar\/d\/wp-content\/uploads\/2023\/11\/WhatsApp-Image-2023-11-22-at-12.24.23.jpeg 960w\" sizes=\"(max-width: 768px) 100vw, 768px\" \/><\/a><\/figure>\n","protected":false},"excerpt":{"rendered":"<p>A pocas semanas del recambio institucional de Gobierno, en la cartera pesquera de Chubut se solicit\u00f3 que todos los funcionarios redacten su dimisi\u00f3n a los cargos. \u201cPor disposici\u00f3n del se\u00f1or Secretario de Pesca, Gabriel Aguilar, y en el marco del cambio de gesti\u00f3n, informo a ustedes que, el d\u00eda 12 de noviembre del corriente a\u00f1o<\/p>\n","protected":false},"author":3,"featured_media":3549,"comment_status":"open","ping_status":"open","sticky":false,"template":"","format":"standard","meta":{"om_disable_all_campaigns":false,"_monsterinsights_skip_tracking":false,"_monsterinsights_sitenote_active":false,"_monsterinsights_sitenote_note":"","_monsterinsights_sitenote_category":0,"footnotes":""},"categories":[9],"tags":[91],"class_list":{"0":"post-3548","1":"post","2":"type-post","3":"status-publish","4":"format-standard","5":"has-post-thumbnail","7":"category-actualidad","8":"tag-featured"},"aioseo_notices":[],"amp_enabled":true,"_links":{"self":[{"href":"https:\/\/partedepesca.com.ar\/d\/wp-json\/wp\/v2\/posts\/3548","targetHints":{"allow":["GET"]}}],"collection":[{"href":"https:\/\/partedepesca.com.ar\/d\/wp-json\/wp\/v2\/posts"}],"about":[{"href":"https:\/\/partedepesca.com.ar\/d\/wp-json\/wp\/v2\/types\/post"}],"author":[{"embeddable":true,"href":"https:\/\/partedepesca.com.ar\/d\/wp-json\/wp\/v2\/users\/3"}],"replies":[{"embeddable":true,"href":"https:\/\/partedepesca.com.ar\/d\/wp-json\/wp\/v2\/comments?post=3548"}],"version-history":[{"count":1,"href":"https:\/\/partedepesca.com.ar\/d\/wp-json\/wp\/v2\/posts\/3548\/revisions"}],"predecessor-version":[{"id":3551,"href":"https:\/\/partedepesca.com.ar\/d\/wp-json\/wp\/v2\/posts\/3548\/revisions\/3551"}],"wp:featuredmedia":[{"embeddable":true,"href":"https:\/\/partedepesca.com.ar\/d\/wp-json\/wp\/v2\/media\/3549"}],"wp:attachment":[{"href":"https:\/\/partedepesca.com.ar\/d\/wp-json\/wp\/v2\/media?parent=3548"}],"wp:term":[{"taxonomy":"category","embeddable":true,"href":"https:\/\/partedepesca.com.ar\/d\/wp-json\/wp\/v2\/categories?post=3548"},{"taxonomy":"post_tag","embeddable":true,"href":"https:\/\/partedepesca.com.ar\/d\/wp-json\/wp\/v2\/tags?post=3548"}],"curies":[{"name":"wp","href":"https:\/\/api.w.org\/{rel}","templated":true}]}}