{"id":3544,"date":"2023-11-21T19:22:16","date_gmt":"2023-11-21T19:22:16","guid":{"rendered":"https:\/\/partedepesca.com.ar\/d\/?p=3544"},"modified":"2023-11-22T17:28:25","modified_gmt":"2023-11-22T17:28:25","slug":"nacho-torres-intentara-destrabar-el-inicio-de-la-temporada-de-langostino","status":"publish","type":"post","link":"https:\/\/partedepesca.com.ar\/d\/nacho-torres-intentara-destrabar-el-inicio-de-la-temporada-de-langostino\/","title":{"rendered":"\u201cNacho\u201d Torres intentar\u00e1 destrabar el inicio de la temporada de langostino"},"content":{"rendered":"\n<p>El gobernador electro de Chubut, Ignacio Torres, revel\u00f3 que se reunir\u00e1 con diferentes actores vinculados a la actividad pesquera para buscar una salida consensuada, destrabar el conflicto y que se inicie la temporada de langostino. Lo se\u00f1al\u00f3 este martes en momentos que Rawson permanec\u00eda con sus dos accesos cortados por la protesta que llevaban adelante los trabajadores de la estiba.<\/p>\n\n\n\n<p>Hasta el momento no ha habido esfuerzos desde el gobierno de Mariano Arcioni para desactivar esta situaci\u00f3n, que ha ido escalando, al punto de llegar a este escenario de trabajadores en la calle y la capital con rutas cosrtadas.<\/p>\n\n\n\n<p>El senador nacional que asume la Gobernaci\u00f3n de Chubut en 19 d\u00edas dijo en declaraciones a Radio Visi\u00f3n de Comodoro Rivadavia que \u201cvoy a tener una reuni\u00f3n con representantes de algunos de los gremios, en la Legislatura en Rawson, para hacer un esfuerzo y desactivar (el conflicto) cuanto antes y que empiece la temporada\u201d, manifest\u00f3 Torres al confirmar que tomar\u00e1 intervenci\u00f3n en el tema a\u00fan sin estar en funciones.<\/p>\n\n\n\n<p>\u201cEs incre\u00edble la capacidad de boicot que tenemos con un recurso tan importante, que genera tanto laburo. Hoy se est\u00e1 descargando en Mar del Plata. Ayer me llam\u00f3 (Guillermo) Montenegro, el intendente de Mar del Plata, y me dec\u00eda \u2018\u2026est\u00e1n descargando todos ac\u00e1 porque ustedes no se ponen de acuerdo\u2019\u201d, cont\u00f3 el mandatario electo.<\/p>\n\n\n\n<p>\u201cEs una locura, tiene que hacer una mesa sectorial que ordene y que plantee un esquema sensato y racional\u201d, propuso al tiempo de dar a conocer que \u201cla mayor\u00eda de los gremio se comunicaron conmigo y me dijeron: \u2018Nacho cerremos todos juntos\u2019; hay un gremio puntualmente que est\u00e1 el conflicto que es el SUPA, y esperemos que hoy se pueda llegar a un acuerdo de una vez por todas, porque no podemos seguir en esta situaci\u00f3n, comprometiendo el trabajo de tantas familias chubutenses\u201d, concluy\u00f3.<\/p>\n","protected":false},"excerpt":{"rendered":"<p>El gobernador electro de Chubut, Ignacio Torres, revel\u00f3 que se reunir\u00e1 con diferentes actores vinculados a la actividad pesquera para buscar una salida consensuada, destrabar el conflicto y que se inicie la temporada de langostino. Lo se\u00f1al\u00f3 este martes en momentos que Rawson permanec\u00eda con sus dos accesos cortados por la protesta que llevaban adelante<\/p>\n","protected":false},"author":3,"featured_media":3545,"comment_status":"open","ping_status":"open","sticky":false,"template":"","format":"standard","meta":{"om_disable_all_campaigns":false,"_monsterinsights_skip_tracking":false,"_monsterinsights_sitenote_active":false,"_monsterinsights_sitenote_note":"","_monsterinsights_sitenote_category":0,"footnotes":""},"categories":[9],"tags":[91,235,299],"class_list":{"0":"post-3544","1":"post","2":"type-post","3":"status-publish","4":"format-standard","5":"has-post-thumbnail","7":"category-actualidad","8":"tag-featured","9":"tag-ignacio-torres","10":"tag-temporada-de-langostino"},"aioseo_notices":[],"amp_enabled":true,"_links":{"self":[{"href":"https:\/\/partedepesca.com.ar\/d\/wp-json\/wp\/v2\/posts\/3544","targetHints":{"allow":["GET"]}}],"collection":[{"href":"https:\/\/partedepesca.com.ar\/d\/wp-json\/wp\/v2\/posts"}],"about":[{"href":"https:\/\/partedepesca.com.ar\/d\/wp-json\/wp\/v2\/types\/post"}],"author":[{"embeddable":true,"href":"https:\/\/partedepesca.com.ar\/d\/wp-json\/wp\/v2\/users\/3"}],"replies":[{"embeddable":true,"href":"https:\/\/partedepesca.com.ar\/d\/wp-json\/wp\/v2\/comments?post=3544"}],"version-history":[{"count":2,"href":"https:\/\/partedepesca.com.ar\/d\/wp-json\/wp\/v2\/posts\/3544\/revisions"}],"predecessor-version":[{"id":3547,"href":"https:\/\/partedepesca.com.ar\/d\/wp-json\/wp\/v2\/posts\/3544\/revisions\/3547"}],"wp:featuredmedia":[{"embeddable":true,"href":"https:\/\/partedepesca.com.ar\/d\/wp-json\/wp\/v2\/media\/3545"}],"wp:attachment":[{"href":"https:\/\/partedepesca.com.ar\/d\/wp-json\/wp\/v2\/media?parent=3544"}],"wp:term":[{"taxonomy":"category","embeddable":true,"href":"https:\/\/partedepesca.com.ar\/d\/wp-json\/wp\/v2\/categories?post=3544"},{"taxonomy":"post_tag","embeddable":true,"href":"https:\/\/partedepesca.com.ar\/d\/wp-json\/wp\/v2\/tags?post=3544"}],"curies":[{"name":"wp","href":"https:\/\/api.w.org\/{rel}","templated":true}]}}