{"id":3536,"date":"2023-11-21T17:58:41","date_gmt":"2023-11-21T17:58:41","guid":{"rendered":"https:\/\/partedepesca.com.ar\/d\/?p=3536"},"modified":"2023-11-22T15:59:34","modified_gmt":"2023-11-22T15:59:34","slug":"se-agudiza-el-conflicto-en-la-pesca-de-chubut","status":"publish","type":"post","link":"https:\/\/partedepesca.com.ar\/d\/se-agudiza-el-conflicto-en-la-pesca-de-chubut\/","title":{"rendered":"Se agudiza el conflicto en la pesca de Chubut"},"content":{"rendered":"\n<p>Tal como hab\u00eda sido anunciado antes de las elecciones y del feriado del lunes, los trabajadores de la estiba de toda la provincia se movilizaron este martes hasta la capital de Chubut. Se manifestaron en la sede del Ministerio de Econom\u00eda donde funciona la Gobernaci\u00f3n y pidieron ser atendidos por autoridades gubernamentales, pero ante la falta de respuesta, cerca del mediod\u00eda los afiliados del SUPA resolvieron realizar piquetes en las dos rutas de ingreso a Rawson.<\/p>\n\n\n\n<p>En el medio trascendi\u00f3 que la Secretar\u00eda de Trabajo habr\u00eda rechazado la homologaci\u00f3n del acuerdo que ese sindicato firm\u00f3 con diferentes empresas de estiba, lo que alimentar\u00eda a\u00fan m\u00e1s la situaci\u00f3n del conflicto.<\/p>\n\n\n\n<figure class=\"wp-block-image size-large\"><a href=\"https:\/\/partedepesca.com.ar\/d\/wp-content\/uploads\/2023\/11\/supa-rawson-protesta.jpg\"><img fetchpriority=\"high\" decoding=\"async\" width=\"1024\" height=\"575\" src=\"https:\/\/partedepesca.com.ar\/d\/wp-content\/uploads\/2023\/11\/supa-rawson-protesta-1024x575.jpg\" alt=\"\" class=\"wp-image-3537\" srcset=\"https:\/\/partedepesca.com.ar\/d\/wp-content\/uploads\/2023\/11\/supa-rawson-protesta-1024x575.jpg 1024w, https:\/\/partedepesca.com.ar\/d\/wp-content\/uploads\/2023\/11\/supa-rawson-protesta-300x168.jpg 300w, https:\/\/partedepesca.com.ar\/d\/wp-content\/uploads\/2023\/11\/supa-rawson-protesta-768x431.jpg 768w, https:\/\/partedepesca.com.ar\/d\/wp-content\/uploads\/2023\/11\/supa-rawson-protesta-150x84.jpg 150w, https:\/\/partedepesca.com.ar\/d\/wp-content\/uploads\/2023\/11\/supa-rawson-protesta-450x253.jpg 450w, https:\/\/partedepesca.com.ar\/d\/wp-content\/uploads\/2023\/11\/supa-rawson-protesta-1200x674.jpg 1200w, https:\/\/partedepesca.com.ar\/d\/wp-content\/uploads\/2023\/11\/supa-rawson-protesta.jpg 1208w\" sizes=\"(max-width: 1024px) 100vw, 1024px\" \/><\/a><\/figure>\n\n\n\n<p>Por su parte, el SOMU y el SICONARA aclararon que \u201crespetan la independencia de cualquier reclamo que los trabajadores realicen\u201d, pero ante \u201cla magnitud del conflicto debemos exhortar y hacer un llamado de atenci\u00f3n a la Secretar\u00eda de Trabajo de Chubut y dem\u00e1s autoridades competentes, por cuanto esta actitud pasiva empuja a un sector como la pesca a una encrucijada tal de poner en serias dudas el desarrollo de la temporada completa de pesca\u201d, notificaron en una nota conjunta dirigida al Gobierno.<\/p>\n\n\n\n<p>La marcha hab\u00eda sido convocada el mi\u00e9rcoles de la semana anterior y tras la fallida prospecci\u00f3n se sab\u00eda que hoy se movilizar\u00edan los estibadores, no fue una medida sorpresiva, a pesar de lo cual, no hubo ning\u00fan esfuerzo de parte de las autoridades provinciales de encausar el conflicto y evitar su escalada.<\/p>\n","protected":false},"excerpt":{"rendered":"<p>Tal como hab\u00eda sido anunciado antes de las elecciones y del feriado del lunes, los trabajadores de la estiba de toda la provincia se movilizaron este martes hasta la capital de Chubut. Se manifestaron en la sede del Ministerio de Econom\u00eda donde funciona la Gobernaci\u00f3n y pidieron ser atendidos por autoridades gubernamentales, pero ante la<\/p>\n","protected":false},"author":3,"featured_media":3539,"comment_status":"open","ping_status":"open","sticky":false,"template":"","format":"standard","meta":{"om_disable_all_campaigns":false,"_monsterinsights_skip_tracking":false,"_monsterinsights_sitenote_active":false,"_monsterinsights_sitenote_note":"","_monsterinsights_sitenote_category":0,"footnotes":""},"categories":[9],"tags":[535,536,91,499],"class_list":{"0":"post-3536","1":"post","2":"type-post","3":"status-publish","4":"format-standard","5":"has-post-thumbnail","7":"category-actualidad","8":"tag-conflicto-pesquero","9":"tag-cortes-rutas-rawson","10":"tag-featured","11":"tag-supa"},"aioseo_notices":[],"amp_enabled":true,"_links":{"self":[{"href":"https:\/\/partedepesca.com.ar\/d\/wp-json\/wp\/v2\/posts\/3536","targetHints":{"allow":["GET"]}}],"collection":[{"href":"https:\/\/partedepesca.com.ar\/d\/wp-json\/wp\/v2\/posts"}],"about":[{"href":"https:\/\/partedepesca.com.ar\/d\/wp-json\/wp\/v2\/types\/post"}],"author":[{"embeddable":true,"href":"https:\/\/partedepesca.com.ar\/d\/wp-json\/wp\/v2\/users\/3"}],"replies":[{"embeddable":true,"href":"https:\/\/partedepesca.com.ar\/d\/wp-json\/wp\/v2\/comments?post=3536"}],"version-history":[{"count":2,"href":"https:\/\/partedepesca.com.ar\/d\/wp-json\/wp\/v2\/posts\/3536\/revisions"}],"predecessor-version":[{"id":3540,"href":"https:\/\/partedepesca.com.ar\/d\/wp-json\/wp\/v2\/posts\/3536\/revisions\/3540"}],"wp:featuredmedia":[{"embeddable":true,"href":"https:\/\/partedepesca.com.ar\/d\/wp-json\/wp\/v2\/media\/3539"}],"wp:attachment":[{"href":"https:\/\/partedepesca.com.ar\/d\/wp-json\/wp\/v2\/media?parent=3536"}],"wp:term":[{"taxonomy":"category","embeddable":true,"href":"https:\/\/partedepesca.com.ar\/d\/wp-json\/wp\/v2\/categories?post=3536"},{"taxonomy":"post_tag","embeddable":true,"href":"https:\/\/partedepesca.com.ar\/d\/wp-json\/wp\/v2\/tags?post=3536"}],"curies":[{"name":"wp","href":"https:\/\/api.w.org\/{rel}","templated":true}]}}