{"id":3482,"date":"2023-11-15T12:30:27","date_gmt":"2023-11-15T12:30:27","guid":{"rendered":"https:\/\/partedepesca.com.ar\/d\/?p=3482"},"modified":"2023-11-17T17:09:35","modified_gmt":"2023-11-17T17:09:35","slug":"fernando-alvarez-esto-es-un-carpetazo-de-carlos-liberman","status":"publish","type":"post","link":"https:\/\/partedepesca.com.ar\/d\/fernando-alvarez-esto-es-un-carpetazo-de-carlos-liberman\/","title":{"rendered":"Fernando \u00c1lvarez: \u201cEsto es un carpetazo de Carlos Liberman\u201d"},"content":{"rendered":"\n<p>El presidente de Conarpesa, Fernando \u00c1lvarez Castellano, se pronunci\u00f3 este mi\u00e9rcoles sobre las acusaciones que lo vinculan con presuntas maniobras de subfacturaci\u00f3n y triangulaci\u00f3n de exportaciones de langostino a trav\u00e9s de empresas del \u2018croata\u2019 Ivo Rojnica, seg\u00fan ventil\u00f3 <a href=\"https:\/\/www.pagina12.com.ar\/616689-langostinos-en-la-red-del-croata\" target=\"_blank\" rel=\"noopener\" title=\"\">P\u00e1gina\/12<\/a>.<\/p>\n\n\n\n<p>El empresario neg\u00f3 las imputaciones, dijo que no ha sido notificado al respecto y atribuy\u00f3 la cuesti\u00f3n a una reacci\u00f3n pol\u00edtica a sus denuncias penales contra el Subsecretario de Pesca de la Naci\u00f3n.<\/p>\n\n\n\n<p>\u201cSon acusaciones totalmente falsas, no hemos subfacturado nada y lo podemos demostrar. Todo esto es una maniobra de Carlos L\u00edberman para desacreditarnos porque lo denunciamos penalmente y lo llevamos a la Justicia\u201d, manifest\u00f3 \u00c1lvarez Castellano ante la requisitoria period\u00edstica de <strong>PARTE DE PESCA<\/strong>. \u201cEsto es un carpetazo de Carlos Liberman por la denuncia que le hicimos\u201d, enfatiz\u00f3 el titular de Conarpesa.<\/p>\n\n\n\n<p>El matutino porte\u00f1o P\u00e1gina\/12, integrante del Grupo Octubre que comanda V\u00edctor Santa Mar\u00eda, ventil\u00f3 este mi\u00e9rcoles que \u201cla exportaci\u00f3n de langostino tambi\u00e9n figuraba en el abanico de negocios de la organizaci\u00f3n criminal financiera conducida por Ivo Rojnica, alias El Croata. Agropez SA, industria pesquera del grupo Conarpesa, est\u00e1 siendo investigada, a partir de una denuncia de la Aduana, por subfacturaci\u00f3n de exportaciones de langostino a China y Espa\u00f1a\u201d, menciona el reporte.<\/p>\n\n\n\n<p>Ante tales aseveraciones, Fernando \u00c1lvarez dijo que \u201cla Aduana no me ha notificado de nada y si lo hace ir\u00e9 a responder cada una de las cosas porque no tengo nada que esconder. Si la Aduana me cita, tambi\u00e9n lo dir\u00e9 a los medios, e ir\u00e9 a demostrar que todas las exportaciones est\u00e1n en regla\u201d, manifest\u00f3.<\/p>\n\n\n\n<p>\u201cNo tengo dudas que esto es pol\u00edtico\u201d, se defendi\u00f3 el due\u00f1o de Conarpesa y volvi\u00f3 a ligar la informaci\u00f3n con una operaci\u00f3n del Subsecretario de Pesca con quien mantiene una fuerte pelea en el \u00e1mbito tribunalicio. \u201cLiberman tiene que ir a Comodoro Py a responder todas las irregularidades y coimas que ocurrieron durante su gesti\u00f3n y con esto voy a ir hasta las \u00faltimas consecuencias\u201d, adelant\u00f3.<\/p>\n\n\n\n<p>La publicaci\u00f3n en cuesti\u00f3n indicaba en otro tramo que \u201cAgropez giraba al exterior pagos por facturas que recib\u00eda de dos empresas vinculadas al \u2018croata\u2019 Rojnica, ambas registradas como firmas de Hong Kong\u201d.<\/p>\n\n\n\n<p>A lo cual, \u00c1lvarez Castellano respondi\u00f3. \u201cNo tengo ning\u00fan v\u00ednculo con El Croata, eso es falso, y no hemos subfacturado exportaciones, lo cual lo puedo demostrar si es que la Aduana me cita. Y si estuviera siendo investigado, como muchas pesqueras, no significa que sea culpable de alg\u00fan delito\u201d, concluy\u00f3.<\/p>\n","protected":false},"excerpt":{"rendered":"<p>El presidente de Conarpesa, Fernando \u00c1lvarez Castellano, se pronunci\u00f3 este mi\u00e9rcoles sobre las acusaciones que lo vinculan con presuntas maniobras de subfacturaci\u00f3n y triangulaci\u00f3n de exportaciones de langostino a trav\u00e9s de empresas del \u2018croata\u2019 Ivo Rojnica, seg\u00fan ventil\u00f3 P\u00e1gina\/12. El empresario neg\u00f3 las imputaciones, dijo que no ha sido notificado al respecto y atribuy\u00f3 la<\/p>\n","protected":false},"author":3,"featured_media":3485,"comment_status":"open","ping_status":"open","sticky":false,"template":"","format":"standard","meta":{"om_disable_all_campaigns":false,"_monsterinsights_skip_tracking":false,"_monsterinsights_sitenote_active":false,"_monsterinsights_sitenote_note":"","_monsterinsights_sitenote_category":0,"footnotes":""},"categories":[9],"tags":[270,522,222,251,521,91,292,520],"class_list":{"0":"post-3482","1":"post","2":"type-post","3":"status-publish","4":"format-standard","5":"has-post-thumbnail","7":"category-actualidad","8":"tag-aduana","9":"tag-agropez","10":"tag-carlos-liberman","11":"tag-conarpesa","12":"tag-el-croata","13":"tag-featured","14":"tag-fernando-alvarez-castellano","15":"tag-ivo-rojnica"},"aioseo_notices":[],"amp_enabled":true,"_links":{"self":[{"href":"https:\/\/partedepesca.com.ar\/d\/wp-json\/wp\/v2\/posts\/3482","targetHints":{"allow":["GET"]}}],"collection":[{"href":"https:\/\/partedepesca.com.ar\/d\/wp-json\/wp\/v2\/posts"}],"about":[{"href":"https:\/\/partedepesca.com.ar\/d\/wp-json\/wp\/v2\/types\/post"}],"author":[{"embeddable":true,"href":"https:\/\/partedepesca.com.ar\/d\/wp-json\/wp\/v2\/users\/3"}],"replies":[{"embeddable":true,"href":"https:\/\/partedepesca.com.ar\/d\/wp-json\/wp\/v2\/comments?post=3482"}],"version-history":[{"count":2,"href":"https:\/\/partedepesca.com.ar\/d\/wp-json\/wp\/v2\/posts\/3482\/revisions"}],"predecessor-version":[{"id":3486,"href":"https:\/\/partedepesca.com.ar\/d\/wp-json\/wp\/v2\/posts\/3482\/revisions\/3486"}],"wp:featuredmedia":[{"embeddable":true,"href":"https:\/\/partedepesca.com.ar\/d\/wp-json\/wp\/v2\/media\/3485"}],"wp:attachment":[{"href":"https:\/\/partedepesca.com.ar\/d\/wp-json\/wp\/v2\/media?parent=3482"}],"wp:term":[{"taxonomy":"category","embeddable":true,"href":"https:\/\/partedepesca.com.ar\/d\/wp-json\/wp\/v2\/categories?post=3482"},{"taxonomy":"post_tag","embeddable":true,"href":"https:\/\/partedepesca.com.ar\/d\/wp-json\/wp\/v2\/tags?post=3482"}],"curies":[{"name":"wp","href":"https:\/\/api.w.org\/{rel}","templated":true}]}}