{"id":3478,"date":"2023-11-15T08:47:32","date_gmt":"2023-11-15T08:47:32","guid":{"rendered":"https:\/\/partedepesca.com.ar\/d\/?p=3478"},"modified":"2023-11-17T02:41:12","modified_gmt":"2023-11-17T02:41:12","slug":"el-stia-intimo-a-aguilar-y-arcioni-para-que-inicien-la-prospeccion","status":"publish","type":"post","link":"https:\/\/partedepesca.com.ar\/d\/el-stia-intimo-a-aguilar-y-arcioni-para-que-inicien-la-prospeccion\/","title":{"rendered":"El STIA de Chubut intim\u00f3 a Aguilar y Arcioni para que inicien la prospecci\u00f3n"},"content":{"rendered":"\n<p>En la noche de este martes, el Sindicato de Trabajadores de la Industria de la Alimentaci\u00f3n (STIA) de Chubut anunci\u00f3 que se declaraba en \u201cestado de alerta y movilizaci\u00f3n\u201d.<\/p>\n\n\n\n<p>Como resultado de la reuni\u00f3n de la Comisi\u00f3n Directiva y Delgados de toda la provincia, el gremio que nuclea a los trabajadores de la alimentaci\u00f3n se meti\u00f3 de lleno en la pelea que mantiene la conducci\u00f3n de la flota amarilla a ra\u00edz del conflicto de un grupo de empresas de estibajes de Rawson con la dirigencia del SUPA, lo cual ha impedido que se ponga en marcha la zafra pesquera provincial.<\/p>\n\n\n\n<p>\u201cSe intima al secretario de Pesca, Gabriel Aguilar, y al gobernador de Chubut, Mariano Arcioni, a qu\u00e9 inicien la prospecci\u00f3n de langostinos en aguas provinciales\u201d, fue el eje de las deliberaciones de la c\u00fapula sindical y sus bases.<\/p>\n\n\n\n<p><strong>MOVILIZACI\u00d3N A RAWSON<\/strong><\/p>\n\n\n\n<p>R\u00e1pidamente, advirtieron que \u201csi las autoridades provinciales no dan una respuesta favorable a la petici\u00f3n, el d\u00eda jueves (ma\u00f1ana) el STIA junto a trabajadores y trabajadoras se movilizar\u00e1n a Rawson para reclamar la apertura de la prospecci\u00f3n\u201d, anunciaron tras la cumbre sindical realizada en la ciudad de Puerto Madryn.<\/p>\n\n\n\n<p><strong>MILES DE TRABAJADORES ESPERANDO<\/strong><\/p>\n\n\n\n<p>Las autoridades gremiales remarcaron \u201cla necesidad de la medida para dar el inicio de la temporada de langostino de aguas provinciales y asegurar la actividad laboral de centenares de trabajadores de temporada que esperan estos meses para asegurar el ingreso salarial en sus hogares\u201d, expresaron en torno a la incertidumbre que provoca la demora de la zafra.<\/p>\n\n\n\n<p>Cabe recordar que la semana anterior fue el sector privado de la mano de diferentes empresas independientes, las que se pronunciaron y reclamaron a la Secretar\u00eda de Pesca que ponga en marcha el proceso que desemboca en la apertura de la pesquer\u00eda. Ahora es el sector del trabajo el que no solo solicitan que se adopte la convocatoria a la prospecci\u00f3n, sino que anuncian que habr\u00e1 una marcha a Rawson para visibilizar el reclamo.<\/p>\n","protected":false},"excerpt":{"rendered":"<p>En la noche de este martes, el Sindicato de Trabajadores de la Industria de la Alimentaci\u00f3n (STIA) de Chubut anunci\u00f3 que se declaraba en \u201cestado de alerta y movilizaci\u00f3n\u201d. Como resultado de la reuni\u00f3n de la Comisi\u00f3n Directiva y Delgados de toda la provincia, el gremio que nuclea a los trabajadores de la alimentaci\u00f3n se<\/p>\n","protected":false},"author":3,"featured_media":3479,"comment_status":"open","ping_status":"open","sticky":false,"template":"","format":"standard","meta":{"om_disable_all_campaigns":false,"_monsterinsights_skip_tracking":false,"_monsterinsights_sitenote_active":false,"_monsterinsights_sitenote_note":"","_monsterinsights_sitenote_category":0,"footnotes":""},"categories":[9],"tags":[519,91,441,299],"class_list":{"0":"post-3478","1":"post","2":"type-post","3":"status-publish","4":"format-standard","5":"has-post-thumbnail","7":"category-actualidad","8":"tag-alerta-y-movilizacion","9":"tag-featured","10":"tag-stia","11":"tag-temporada-de-langostino"},"aioseo_notices":[],"amp_enabled":true,"_links":{"self":[{"href":"https:\/\/partedepesca.com.ar\/d\/wp-json\/wp\/v2\/posts\/3478","targetHints":{"allow":["GET"]}}],"collection":[{"href":"https:\/\/partedepesca.com.ar\/d\/wp-json\/wp\/v2\/posts"}],"about":[{"href":"https:\/\/partedepesca.com.ar\/d\/wp-json\/wp\/v2\/types\/post"}],"author":[{"embeddable":true,"href":"https:\/\/partedepesca.com.ar\/d\/wp-json\/wp\/v2\/users\/3"}],"replies":[{"embeddable":true,"href":"https:\/\/partedepesca.com.ar\/d\/wp-json\/wp\/v2\/comments?post=3478"}],"version-history":[{"count":2,"href":"https:\/\/partedepesca.com.ar\/d\/wp-json\/wp\/v2\/posts\/3478\/revisions"}],"predecessor-version":[{"id":3481,"href":"https:\/\/partedepesca.com.ar\/d\/wp-json\/wp\/v2\/posts\/3478\/revisions\/3481"}],"wp:featuredmedia":[{"embeddable":true,"href":"https:\/\/partedepesca.com.ar\/d\/wp-json\/wp\/v2\/media\/3479"}],"wp:attachment":[{"href":"https:\/\/partedepesca.com.ar\/d\/wp-json\/wp\/v2\/media?parent=3478"}],"wp:term":[{"taxonomy":"category","embeddable":true,"href":"https:\/\/partedepesca.com.ar\/d\/wp-json\/wp\/v2\/categories?post=3478"},{"taxonomy":"post_tag","embeddable":true,"href":"https:\/\/partedepesca.com.ar\/d\/wp-json\/wp\/v2\/tags?post=3478"}],"curies":[{"name":"wp","href":"https:\/\/api.w.org\/{rel}","templated":true}]}}