{"id":3445,"date":"2023-11-09T08:49:00","date_gmt":"2023-11-09T08:49:00","guid":{"rendered":"https:\/\/partedepesca.com.ar\/d\/?p=3445"},"modified":"2023-11-10T21:40:24","modified_gmt":"2023-11-10T21:40:24","slug":"bosch-planea-volver-a-la-subsecretaria-de-pesca-si-gana-milei","status":"publish","type":"post","link":"https:\/\/partedepesca.com.ar\/d\/bosch-planea-volver-a-la-subsecretaria-de-pesca-si-gana-milei\/","title":{"rendered":"Bosch planea volver a la Subsecretar\u00eda de Pesca si gana Milei"},"content":{"rendered":"\n<p>Juan Manuel Bosch se estar\u00eda haciendo los rulos, seg\u00fan le cuenta a propios y extra\u00f1os, en caso que el libertario Javier Milei se imponga en los comicios presidenciales y asuma la primera magistratura el pr\u00f3ximo 10 de diciembre.<\/p>\n\n\n\n<p>El exsubsecretario de Pesca de la Naci\u00f3n, entre 2017 y 2019, empez\u00f3 a tejer contactos con empresarios de la actividad, y asegura, a quien quiera o\u00edr, que su nombre est\u00e1 en la letra chica, no escrita, del pacto de Acassuso en el que Mauricio Macri y Patricia Bullrich brindaron respaldo \u2018incondicional\u2019 al candidato presidencial de La Libertad Avanza.<\/p>\n\n\n\n<p>Bosch les habr\u00eda contado a empresarios, y hasta miembros del actual Consejo Federal Pesquero, que el macrismo ofrecer\u00e1 \u2018su experiencia\u2019 para que vuelva a recalar en la Subsecretar\u00eda de Pesca de la Naci\u00f3n.<\/p>\n\n\n\n<p>Seg\u00fan trascendi\u00f3 en la \u00faltima semana, Macri ya acerc\u00f3 a los libertarios a Germ\u00e1n Garavano para el \u00e1rea de Justicia, a Guillermo Dietrich para Transporte y tiene a su amigo personal Jos\u00e9 Torello, junto a Paula Bertol, a cargo del operativo de fiscalizaci\u00f3n de LLA.<\/p>\n\n\n\n<p>En ese subrepticio esquema de aporte de cuadros t\u00e9cnicos, el macrismo aspirar\u00eda controlar dependencias como Yacyret\u00e1, la Subsecretar\u00eda de Puertos y V\u00edas Navegables, y tambi\u00e9n la Subsecretar\u00eda de Pesca.<\/p>\n\n\n\n<p>Durante la presidencia de Mauricio Macri, Juan Manuel Bosch lleg\u00f3 de la mano de Marcos Pe\u00f1a, y estuvo dos a\u00f1os a cargo de la Direcci\u00f3n Nacional de Coordinaci\u00f3n Pesquera, donde desmantel\u00f3 todo el sistema de control y fiscalizaci\u00f3n, para luego asumir en la Subsecretar\u00eda de Pesca en 2017.<\/p>\n\n\n\n<p>Y, en su breve historial por la funci\u00f3n p\u00fablica, protagoniz\u00f3 la escandalosa incorporaci\u00f3n de buques de Moscuzza, de m\u00e1s de 40 metros eslora, a la pesquer\u00eda de langostino, entre otras tantas fechor\u00edas.<\/p>\n","protected":false},"excerpt":{"rendered":"<p>Juan Manuel Bosch se estar\u00eda haciendo los rulos, seg\u00fan le cuenta a propios y extra\u00f1os, en caso que el libertario Javier Milei se imponga en los comicios presidenciales y asuma la primera magistratura el pr\u00f3ximo 10 de diciembre. El exsubsecretario de Pesca de la Naci\u00f3n, entre 2017 y 2019, empez\u00f3 a tejer contactos con empresarios<\/p>\n","protected":false},"author":3,"featured_media":3446,"comment_status":"open","ping_status":"open","sticky":false,"template":"","format":"standard","meta":{"om_disable_all_campaigns":false,"_monsterinsights_skip_tracking":false,"_monsterinsights_sitenote_active":false,"_monsterinsights_sitenote_note":"","_monsterinsights_sitenote_category":0,"footnotes":""},"categories":[9],"tags":[91,509,510],"class_list":{"0":"post-3445","1":"post","2":"type-post","3":"status-publish","4":"format-standard","5":"has-post-thumbnail","7":"category-actualidad","8":"tag-featured","9":"tag-juan-manuel-bosch","10":"tag-subsecretaria-de-pesca"},"aioseo_notices":[],"amp_enabled":true,"_links":{"self":[{"href":"https:\/\/partedepesca.com.ar\/d\/wp-json\/wp\/v2\/posts\/3445","targetHints":{"allow":["GET"]}}],"collection":[{"href":"https:\/\/partedepesca.com.ar\/d\/wp-json\/wp\/v2\/posts"}],"about":[{"href":"https:\/\/partedepesca.com.ar\/d\/wp-json\/wp\/v2\/types\/post"}],"author":[{"embeddable":true,"href":"https:\/\/partedepesca.com.ar\/d\/wp-json\/wp\/v2\/users\/3"}],"replies":[{"embeddable":true,"href":"https:\/\/partedepesca.com.ar\/d\/wp-json\/wp\/v2\/comments?post=3445"}],"version-history":[{"count":1,"href":"https:\/\/partedepesca.com.ar\/d\/wp-json\/wp\/v2\/posts\/3445\/revisions"}],"predecessor-version":[{"id":3447,"href":"https:\/\/partedepesca.com.ar\/d\/wp-json\/wp\/v2\/posts\/3445\/revisions\/3447"}],"wp:featuredmedia":[{"embeddable":true,"href":"https:\/\/partedepesca.com.ar\/d\/wp-json\/wp\/v2\/media\/3446"}],"wp:attachment":[{"href":"https:\/\/partedepesca.com.ar\/d\/wp-json\/wp\/v2\/media?parent=3445"}],"wp:term":[{"taxonomy":"category","embeddable":true,"href":"https:\/\/partedepesca.com.ar\/d\/wp-json\/wp\/v2\/categories?post=3445"},{"taxonomy":"post_tag","embeddable":true,"href":"https:\/\/partedepesca.com.ar\/d\/wp-json\/wp\/v2\/tags?post=3445"}],"curies":[{"name":"wp","href":"https:\/\/api.w.org\/{rel}","templated":true}]}}