{"id":3422,"date":"2023-11-02T23:46:19","date_gmt":"2023-11-02T23:46:19","guid":{"rendered":"https:\/\/partedepesca.com.ar\/d\/?p=3422"},"modified":"2023-11-03T22:36:48","modified_gmt":"2023-11-03T22:36:48","slug":"irracional-medida-sindical-atenta-contra-el-comercio-exterior-de-argentina","status":"publish","type":"post","link":"https:\/\/partedepesca.com.ar\/d\/irracional-medida-sindical-atenta-contra-el-comercio-exterior-de-argentina\/","title":{"rendered":"Irracional medida sindical atenta contra el comercio exterior de Argentina"},"content":{"rendered":"\n<p>Puerto Deseado vuelve a quedar en el ojo de la tormenta, y en la vidriera nacional, por una nueva escalada de conflictividad que tiene al sindicalismo de la estiba de ese puerto como protagonista. Exportadores de la industria pesquera se han visto impedidos de despachar contenedores y el buque mercante abandon\u00f3 el puerto santacruce\u00f1o, con las consecuencias comerciales que ello implica.<\/p>\n\n\n\n<p>La situaci\u00f3n no es nueva, ya que desde hace meses se verifican pr\u00e1cticas de este tipo en esa provincia patag\u00f3nica, lo que obliga a muchas empresas a comenzar a replantear sus inversiones en esa jurisdicci\u00f3n, m\u00e1xime cuando desde el Estado no se adoptan medidas correctivas o se asegura el cumplimiento de la ley.<\/p>\n\n\n\n<p>En este marco, se pronunci\u00f3 la C\u00e1mara de Armadores de Pesqueros y Congeladores de la Argentina (CAPECA) advirtiendo que, \u201cdesde hace a\u00f1os, y en reiteradas oportunidades, los afiliados a esta c\u00e1mara empresaria con plantas de procesamiento, frigor\u00edficos y buques radicados en la localidad de Puerto Deseado, sufren acciones directas contra sus patrimonios, su normal funcionamiento, que atentan contra la totalidad de las empresas afiliadas a nuestra c\u00e1mara, y por ende contra nuestra comunidad\u201d.<\/p>\n\n\n\n<p>En esta oportunidad, se\u00f1alan el accionar del gremio de estibadores en Puerto Deseado Santa Cruz Sindicato Unido de Estibadores Portuarios Patag\u00f3nicos (SUEPP) \u201cha impedido que se carguen al buque mercante los contenedores con las distintas producciones y, de esta forma, se perdi\u00f3 la posibilidad de exportar en tiempo y forma\u201d.<\/p>\n\n\n\n<p>Asimismo, precisaron que la compa\u00f1\u00eda naviera ha decidido que el buque mercante se vaya del puerto y continue su viaje sin poder cargar los contenedores de la pesca. \u201cComo prueba irrefutable de esto, contamos con los emails de las empresas que aseguran que dicho sindicato no cumple con su labor. Esto nos genera un perjuicio enorme para nuestra actividad: no se puede cumplir con las ventas, facturar y, por consiguiente, tampoco cobrar ni cumplir con los compromisos pactados con anterioridad\u201d, plantean desde CAPECA.<\/p>\n\n\n\n<p>\u201cLa il\u00edcita y arbitraria forma de proceder del SUEPP muestra un total desprecio por las empresas que invierten, operan y emplean gente en la localidad, generando una inseguridad jur\u00eddica alarmante sumado al aumento de costos operativos, da\u00f1os y perjuicios sobre la mercader\u00eda en tr\u00e1nsito e innumerables p\u00e9rdidas para la empresa\u201d, cuestionan.<\/p>\n\n\n\n<p>\u201cToda esta permanente forma de operar atenta no solo con nuestra actividad, sino que tambi\u00e9n con el normal desarrollo de la comunidad de Puerto Deseado, sus habitantes y el comercio local, al no poder exportar, y por consiguiente tambi\u00e9n impedir la liquidaci\u00f3n de divisas por exportaciones que tanto necesita nuestro pa\u00eds\u201d, a\u00f1ade el pronunciamiento. Ante estas circunstancias desde CAPECA reclamaron \u201cla urgente intervenci\u00f3n de las autoridades locales para ordenar el conflicto, con un cese inmediato de amenazas e intentos de impedir las descargas, cargas y consolidaci\u00f3n de contenedores a su cauce normal y habitual\u201d.<\/p>\n","protected":false},"excerpt":{"rendered":"<p>Puerto Deseado vuelve a quedar en el ojo de la tormenta, y en la vidriera nacional, por una nueva escalada de conflictividad que tiene al sindicalismo de la estiba de ese puerto como protagonista. Exportadores de la industria pesquera se han visto impedidos de despachar contenedores y el buque mercante abandon\u00f3 el puerto santacruce\u00f1o, con<\/p>\n","protected":false},"author":3,"featured_media":3423,"comment_status":"open","ping_status":"open","sticky":false,"template":"","format":"standard","meta":{"om_disable_all_campaigns":false,"_monsterinsights_skip_tracking":false,"_monsterinsights_sitenote_active":false,"_monsterinsights_sitenote_note":"","_monsterinsights_sitenote_category":0,"footnotes":""},"categories":[6],"tags":[91],"class_list":{"0":"post-3422","1":"post","2":"type-post","3":"status-publish","4":"format-standard","5":"has-post-thumbnail","7":"category-comercio-exterior","8":"tag-featured"},"aioseo_notices":[],"amp_enabled":true,"_links":{"self":[{"href":"https:\/\/partedepesca.com.ar\/d\/wp-json\/wp\/v2\/posts\/3422","targetHints":{"allow":["GET"]}}],"collection":[{"href":"https:\/\/partedepesca.com.ar\/d\/wp-json\/wp\/v2\/posts"}],"about":[{"href":"https:\/\/partedepesca.com.ar\/d\/wp-json\/wp\/v2\/types\/post"}],"author":[{"embeddable":true,"href":"https:\/\/partedepesca.com.ar\/d\/wp-json\/wp\/v2\/users\/3"}],"replies":[{"embeddable":true,"href":"https:\/\/partedepesca.com.ar\/d\/wp-json\/wp\/v2\/comments?post=3422"}],"version-history":[{"count":1,"href":"https:\/\/partedepesca.com.ar\/d\/wp-json\/wp\/v2\/posts\/3422\/revisions"}],"predecessor-version":[{"id":3424,"href":"https:\/\/partedepesca.com.ar\/d\/wp-json\/wp\/v2\/posts\/3422\/revisions\/3424"}],"wp:featuredmedia":[{"embeddable":true,"href":"https:\/\/partedepesca.com.ar\/d\/wp-json\/wp\/v2\/media\/3423"}],"wp:attachment":[{"href":"https:\/\/partedepesca.com.ar\/d\/wp-json\/wp\/v2\/media?parent=3422"}],"wp:term":[{"taxonomy":"category","embeddable":true,"href":"https:\/\/partedepesca.com.ar\/d\/wp-json\/wp\/v2\/categories?post=3422"},{"taxonomy":"post_tag","embeddable":true,"href":"https:\/\/partedepesca.com.ar\/d\/wp-json\/wp\/v2\/tags?post=3422"}],"curies":[{"name":"wp","href":"https:\/\/api.w.org\/{rel}","templated":true}]}}