{"id":3386,"date":"2023-10-30T10:29:18","date_gmt":"2023-10-30T10:29:18","guid":{"rendered":"https:\/\/partedepesca.com.ar\/d\/?p=3386"},"modified":"2023-11-01T09:02:11","modified_gmt":"2023-11-01T09:02:11","slug":"piratas-del-asfalto-roban-22-toneladas-de-langostino-en-madryn","status":"publish","type":"post","link":"https:\/\/partedepesca.com.ar\/d\/piratas-del-asfalto-roban-22-toneladas-de-langostino-en-madryn\/","title":{"rendered":"\u2018Piratas del asfalto\u2019 roban 22 toneladas de langostino en Madryn"},"content":{"rendered":"\n<p>Un cami\u00f3n procedente de Caleta Olivia y con destino a Mar del Plata fue interceptado en la Ruta Nacional 3, en el acceso a Puerto Madryn, y seg\u00fan la versi\u00f3n de conductor, fue obligado a punta de pistola de conducir hacia un camino rural de tierra donde le desacoplaron el semirremolque t\u00e9rmico que conten\u00eda 22 toneladas de langostino y se lo llevaron. <\/p>\n\n\n\n<p>Los investigadores no descartan ninguna hip\u00f3tesis y tambi\u00e9n, como es de rigor, chequean la verosimilitud de la versi\u00f3n aportada por denunciante, identificado como Ariel Mocchegiani (31), oriundo de General Rodr\u00edguez.<\/p>\n\n\n\n<p>De acuerdo a lo aportado por fuentes policiales, el episodio ocurri\u00f3 durante la madrugada, cuando un chofer, de 31 a\u00f1os y oriundo de la provincia de Buenos Aires, terminaba de cenar en la estaci\u00f3n de servicio YPF ubicada sobre la Ruta Nacional 3.<\/p>\n\n\n\n<p>Al regresar a su cami\u00f3n Scania para emprender la marcha y en el que transportaba 22 toneladas de langostino, \u201cr\u00e1pidamente subi\u00f3 por la puerta del acompa\u00f1ante un hombre vestido con ropa oscura, con el rostro cubierto al cual solo le ve\u00edan los ojos, y le apunt\u00f3 con un arma en el rostro\u201d.<\/p>\n\n\n\n<p>\u201cPrend\u00e9 las luces y manej\u00e1\u201d, fue la orden que el delincuente imparti\u00f3 al camionero, quien en el fervor de la situaci\u00f3n intent\u00f3 descender del veh\u00edculo, sin \u00e9xito. \u201cNublado por el medio, le dec\u00eda que no le hiciera nada, que ten\u00eda un hijo\u201d, indic\u00f3 el relato policial. Una vez con el cami\u00f3n en marcha, el asaltante le pidi\u00f3 \u201cque maneje y no lo mire\u201d.<\/p>\n\n\n\n<p>El veh\u00edculo tom\u00f3 la Ruta Nacional 3 \u201chasta llegar en un ingreso donde (el asaltante) le dijo que girara a la izquierda; luego, que subiera a la cucheta y que no lo mirara, coloc\u00e1ndole un acolchado en la cabeza; seguidamente, el damnificado escuch\u00f3 que continuaban la marcha por el campo hasta detenerse y luego escuchar el ruido de otro rodado, el cual hac\u00eda maniobras; luego, el asaltante le dijo \u00abya tengo tu direcci\u00f3n, s\u00e9 qui\u00e9n sos, cuando se haga de d\u00eda camin\u00e1 para la ruta y vas a encontrar la llave\u201d.<\/p>\n\n\n\n<p>Ya habiendo abandonado la escena, el delincuente se alz\u00f3 con la billetera del camionero, la cual conten\u00eda la suma de 30 mil pesos, como as\u00ed tambi\u00e9n le sustrajo una computadora marca Apple color negro y su celular, un tel\u00e9fono marca Samsung. Se hicieron las seis de la ma\u00f1ana y, al salir del cami\u00f3n, el damnificado se percat\u00f3 de que le hab\u00edan robado el semi que llevaba acoplado al mismo. \u201cEn ese momento dio con el se\u00f1or Mateo Su\u00e1rez -secretario general de la UOCRA- quien ven\u00eda de un campo y al cual le pidi\u00f3 auxilio para dar aviso a la Polic\u00eda\u201d.<\/p>\n\n\n\n<p>A 300 metros del lugar, el camionero encontr\u00f3 la llave de su veh\u00edculo.<\/p>\n\n\n\n<p>En el lugar intervino personal de la Divisi\u00f3n Polic\u00eda Cient\u00edfica, que realiz\u00f3 secuencias fotogr\u00e1ficas y tom\u00f3 huellas en las puertas del cami\u00f3n y en el interior del habit\u00e1culo. Tambi\u00e9n, dieron con \u201crastros de veh\u00edculos y de maniobras realizadas en la parte posterior del cami\u00f3n, sumado a la impronta de calzado en la parte posterior y sobre el tanque combustible; tambi\u00e9n, se hallaron rastros parciales dactilares en la puerta delantera del lado del lado conductor\u201d, precisaron desde la Polic\u00eda. En el caso trabaja la Divisi\u00f3n Policial de Investigaciones de Puerto Madryn.<\/p>\n\n\n\n<p>Fuente: Canal 12<\/p>\n","protected":false},"excerpt":{"rendered":"<p>Un cami\u00f3n procedente de Caleta Olivia y con destino a Mar del Plata fue interceptado en la Ruta Nacional 3, en el acceso a Puerto Madryn, y seg\u00fan la versi\u00f3n de conductor, fue obligado a punta de pistola de conducir hacia un camino rural de tierra donde le desacoplaron el semirremolque t\u00e9rmico que conten\u00eda 22<\/p>\n","protected":false},"author":3,"featured_media":3387,"comment_status":"open","ping_status":"open","sticky":false,"template":"","format":"standard","meta":{"om_disable_all_campaigns":false,"_monsterinsights_skip_tracking":false,"_monsterinsights_sitenote_active":false,"_monsterinsights_sitenote_note":"","_monsterinsights_sitenote_category":0,"footnotes":""},"categories":[9],"tags":[91],"class_list":{"0":"post-3386","1":"post","2":"type-post","3":"status-publish","4":"format-standard","5":"has-post-thumbnail","7":"category-actualidad","8":"tag-featured"},"aioseo_notices":[],"amp_enabled":true,"_links":{"self":[{"href":"https:\/\/partedepesca.com.ar\/d\/wp-json\/wp\/v2\/posts\/3386","targetHints":{"allow":["GET"]}}],"collection":[{"href":"https:\/\/partedepesca.com.ar\/d\/wp-json\/wp\/v2\/posts"}],"about":[{"href":"https:\/\/partedepesca.com.ar\/d\/wp-json\/wp\/v2\/types\/post"}],"author":[{"embeddable":true,"href":"https:\/\/partedepesca.com.ar\/d\/wp-json\/wp\/v2\/users\/3"}],"replies":[{"embeddable":true,"href":"https:\/\/partedepesca.com.ar\/d\/wp-json\/wp\/v2\/comments?post=3386"}],"version-history":[{"count":4,"href":"https:\/\/partedepesca.com.ar\/d\/wp-json\/wp\/v2\/posts\/3386\/revisions"}],"predecessor-version":[{"id":3392,"href":"https:\/\/partedepesca.com.ar\/d\/wp-json\/wp\/v2\/posts\/3386\/revisions\/3392"}],"wp:featuredmedia":[{"embeddable":true,"href":"https:\/\/partedepesca.com.ar\/d\/wp-json\/wp\/v2\/media\/3387"}],"wp:attachment":[{"href":"https:\/\/partedepesca.com.ar\/d\/wp-json\/wp\/v2\/media?parent=3386"}],"wp:term":[{"taxonomy":"category","embeddable":true,"href":"https:\/\/partedepesca.com.ar\/d\/wp-json\/wp\/v2\/categories?post=3386"},{"taxonomy":"post_tag","embeddable":true,"href":"https:\/\/partedepesca.com.ar\/d\/wp-json\/wp\/v2\/tags?post=3386"}],"curies":[{"name":"wp","href":"https:\/\/api.w.org\/{rel}","templated":true}]}}