{"id":3219,"date":"2023-10-02T11:37:05","date_gmt":"2023-10-02T11:37:05","guid":{"rendered":"https:\/\/partedepesca.com.ar\/d\/?p=3219"},"modified":"2023-10-03T20:41:31","modified_gmt":"2023-10-03T20:41:31","slug":"el-9-de-octubre-inician-campana-de-langostino-en-aguas-de-rio-negro","status":"publish","type":"post","link":"https:\/\/partedepesca.com.ar\/d\/el-9-de-octubre-inician-campana-de-langostino-en-aguas-de-rio-negro\/","title":{"rendered":"El 9 de octubre inician campa\u00f1a de langostino en aguas de R\u00edo Negro"},"content":{"rendered":"\n<p>El ministro de la Producci\u00f3n de la provincia de R\u00edo Negro, Carlos Banacoy, confirm\u00f3 que se concretar\u00e1 una campa\u00f1a de estudio para evaluar el estado del recurso langostino en aguas jurisdiccionales del golfo San Mat\u00edas. El funcionario dijo que el relevamiento comenzar\u00e1 el pr\u00f3ximo lunes 9 de octubre.<\/p>\n\n\n\n<p>\u201cComienza la campa\u00f1a de langostino que va a realizar, el INIDEP nuevamente, por segundo a\u00f1o consecutivo, a partir de ah\u00ed tendremos m\u00e1s herramientas\u201d, sostuvo.<\/p>\n\n\n\n<p>Banacoy admiti\u00f3 que en base a la experiencia que le significa a R\u00edo Negro esta crisis de sus recursos pesqueros \u201cse debe trabajar con cautela para saber qu\u00e9 disponibilidad tenemos de los recursos\u201d, ya que desde el a\u00f1o pasado la flota industrial y la artesanal est\u00e1n sin poder operar.<\/p>\n\n\n\n<p>Con el estudio del INIDEP \u201ctambi\u00e9n tendremos herramientas como dispositivos de selectividad en la pesquer\u00eda de langostino, asociada a la situaci\u00f3n de la merluza en virtud del descarte que se produce\u201d, plante\u00f3 el ministro<\/p>\n\n\n\n<p>Rige en R\u00edo Negro la &#8220;emergencia pesquera&#8221; como resultado de la falta de recursos en sus aguas jurisdiccionales, a lo cual se lleg\u00f3, seg\u00fan admiten los propios actores del sector, por la falta de adecuadas pol\u00edticas de administraci\u00f3n de las pesquer\u00edas. La falta de merluza y langostino paraliz\u00f3 toda la cadena productiva, los barcos no encuentran pescado, las plantas est\u00e1n desabastecidas y entran en crisis con las consecuencias sociales que implica el cierre de esas unidades productivas.<\/p>\n\n\n\n<p>Este relevamiento que dar\u00e1 comienzo en una semana permitir\u00e1 tener un panorama de la situaci\u00f3n biol\u00f3gica de la especie y as\u00ed proyectar pol\u00edticas de manejo.<\/p>\n","protected":false},"excerpt":{"rendered":"<p>El ministro de la Producci\u00f3n de la provincia de R\u00edo Negro, Carlos Banacoy, confirm\u00f3 que se concretar\u00e1 una campa\u00f1a de estudio para evaluar el estado del recurso langostino en aguas jurisdiccionales del golfo San Mat\u00edas. El funcionario dijo que el relevamiento comenzar\u00e1 el pr\u00f3ximo lunes 9 de octubre. \u201cComienza la campa\u00f1a de langostino que va<\/p>\n","protected":false},"author":3,"featured_media":3220,"comment_status":"open","ping_status":"open","sticky":false,"template":"","format":"standard","meta":{"om_disable_all_campaigns":false,"_monsterinsights_skip_tracking":false,"_monsterinsights_sitenote_active":false,"_monsterinsights_sitenote_note":"","_monsterinsights_sitenote_category":0,"footnotes":""},"categories":[9],"tags":[246,91,256,152,247],"class_list":{"0":"post-3219","1":"post","2":"type-post","3":"status-publish","4":"format-standard","5":"has-post-thumbnail","7":"category-actualidad","8":"tag-emergencia-pesquera","9":"tag-featured","10":"tag-golfo-san-matias","11":"tag-langostino","12":"tag-rio-negro"},"aioseo_notices":[],"amp_enabled":true,"_links":{"self":[{"href":"https:\/\/partedepesca.com.ar\/d\/wp-json\/wp\/v2\/posts\/3219","targetHints":{"allow":["GET"]}}],"collection":[{"href":"https:\/\/partedepesca.com.ar\/d\/wp-json\/wp\/v2\/posts"}],"about":[{"href":"https:\/\/partedepesca.com.ar\/d\/wp-json\/wp\/v2\/types\/post"}],"author":[{"embeddable":true,"href":"https:\/\/partedepesca.com.ar\/d\/wp-json\/wp\/v2\/users\/3"}],"replies":[{"embeddable":true,"href":"https:\/\/partedepesca.com.ar\/d\/wp-json\/wp\/v2\/comments?post=3219"}],"version-history":[{"count":1,"href":"https:\/\/partedepesca.com.ar\/d\/wp-json\/wp\/v2\/posts\/3219\/revisions"}],"predecessor-version":[{"id":3221,"href":"https:\/\/partedepesca.com.ar\/d\/wp-json\/wp\/v2\/posts\/3219\/revisions\/3221"}],"wp:featuredmedia":[{"embeddable":true,"href":"https:\/\/partedepesca.com.ar\/d\/wp-json\/wp\/v2\/media\/3220"}],"wp:attachment":[{"href":"https:\/\/partedepesca.com.ar\/d\/wp-json\/wp\/v2\/media?parent=3219"}],"wp:term":[{"taxonomy":"category","embeddable":true,"href":"https:\/\/partedepesca.com.ar\/d\/wp-json\/wp\/v2\/categories?post=3219"},{"taxonomy":"post_tag","embeddable":true,"href":"https:\/\/partedepesca.com.ar\/d\/wp-json\/wp\/v2\/tags?post=3219"}],"curies":[{"name":"wp","href":"https:\/\/api.w.org\/{rel}","templated":true}]}}