{"id":3201,"date":"2023-09-26T22:53:41","date_gmt":"2023-09-26T22:53:41","guid":{"rendered":"https:\/\/partedepesca.com.ar\/d\/?p=3201"},"modified":"2023-09-29T18:35:54","modified_gmt":"2023-09-29T18:35:54","slug":"abogado-de-red-chamber-denuncio-al-stia-por-violenta-agresion","status":"publish","type":"post","link":"https:\/\/partedepesca.com.ar\/d\/abogado-de-red-chamber-denuncio-al-stia-por-violenta-agresion\/","title":{"rendered":"Abogado de Red Chamber denunci\u00f3 al STIA por violenta agresi\u00f3n"},"content":{"rendered":"\n<p>El \u00faltimo viernes cuando fracas\u00f3 el acuerdo que se aprestaba a firmar la empresa Red Chamber para la incorporaci\u00f3n de la \u00faltima tanda de ex trabajadores de Alpesca, por la negativa del Secretario de Pesca, Gabriel Aguilar, se suscit\u00f3 un violento episodio en la delegaci\u00f3n Puerto Madryn de la Subsecretar\u00eda de Trabajo.<\/p>\n\n\n\n<p>El representante legal de la compa\u00f1\u00eda Dr. Pablo Marcelo Moras sufri\u00f3 una agresi\u00f3n f\u00edsica, recibi\u00f3 dos trompadas, en medio de la manifestaci\u00f3n que hab\u00eda en la puerta de las dependencias oficiales.<\/p>\n\n\n\n<p>El letrado formaliz\u00f3 este martes la denuncia ante el Ministerio P\u00fablico Fiscal para que se investigue el episodio y se identifique a los responsables de la violenta agresi\u00f3n perpetrada.<\/p>\n\n\n\n<p>Desde sectores empresariales condenaron el acto de violencia, como tambi\u00e9n ocurri\u00f3 meses atr\u00e1s cuando un directivo de la empresa Achernar fue salvajemente agredido en el mismo lugar, en medio de un conflicto con el Sindicato de Trabajadores de la Industria de la Alimentaci\u00f3n.<\/p>\n\n\n\n<p>Independientemente de las negociaciones, discusiones de orden laboral, tratativas de acuerdos, episodios de estas caracter\u00edsticas, apa\u00f1ados desde organizaciones gremiales configuran un marco que merece ser investigado y no quede impune.<\/p>\n\n\n\n<p>Cabe recordar que la empresa Red Chamber responsabiliz\u00f3 del fracaso del acuerdo al Secretario de Pesca de Chubut que unilateralmente se neg\u00f3 a firmarlo y se gener\u00f3 el clima de crispaci\u00f3n.<\/p>\n","protected":false},"excerpt":{"rendered":"<p>El \u00faltimo viernes cuando fracas\u00f3 el acuerdo que se aprestaba a firmar la empresa Red Chamber para la incorporaci\u00f3n de la \u00faltima tanda de ex trabajadores de Alpesca, por la negativa del Secretario de Pesca, Gabriel Aguilar, se suscit\u00f3 un violento episodio en la delegaci\u00f3n Puerto Madryn de la Subsecretar\u00eda de Trabajo. El representante legal<\/p>\n","protected":false},"author":3,"featured_media":3202,"comment_status":"open","ping_status":"open","sticky":false,"template":"","format":"standard","meta":{"om_disable_all_campaigns":false,"_monsterinsights_skip_tracking":false,"_monsterinsights_sitenote_active":false,"_monsterinsights_sitenote_note":"","_monsterinsights_sitenote_category":0,"footnotes":""},"categories":[9],"tags":[440,91,314,441],"class_list":{"0":"post-3201","1":"post","2":"type-post","3":"status-publish","4":"format-standard","5":"has-post-thumbnail","7":"category-actualidad","8":"tag-dr-pablo-marcelo-moras","9":"tag-featured","10":"tag-red-chamber-argentina","11":"tag-stia"},"aioseo_notices":[],"amp_enabled":true,"_links":{"self":[{"href":"https:\/\/partedepesca.com.ar\/d\/wp-json\/wp\/v2\/posts\/3201","targetHints":{"allow":["GET"]}}],"collection":[{"href":"https:\/\/partedepesca.com.ar\/d\/wp-json\/wp\/v2\/posts"}],"about":[{"href":"https:\/\/partedepesca.com.ar\/d\/wp-json\/wp\/v2\/types\/post"}],"author":[{"embeddable":true,"href":"https:\/\/partedepesca.com.ar\/d\/wp-json\/wp\/v2\/users\/3"}],"replies":[{"embeddable":true,"href":"https:\/\/partedepesca.com.ar\/d\/wp-json\/wp\/v2\/comments?post=3201"}],"version-history":[{"count":2,"href":"https:\/\/partedepesca.com.ar\/d\/wp-json\/wp\/v2\/posts\/3201\/revisions"}],"predecessor-version":[{"id":3204,"href":"https:\/\/partedepesca.com.ar\/d\/wp-json\/wp\/v2\/posts\/3201\/revisions\/3204"}],"wp:featuredmedia":[{"embeddable":true,"href":"https:\/\/partedepesca.com.ar\/d\/wp-json\/wp\/v2\/media\/3202"}],"wp:attachment":[{"href":"https:\/\/partedepesca.com.ar\/d\/wp-json\/wp\/v2\/media?parent=3201"}],"wp:term":[{"taxonomy":"category","embeddable":true,"href":"https:\/\/partedepesca.com.ar\/d\/wp-json\/wp\/v2\/categories?post=3201"},{"taxonomy":"post_tag","embeddable":true,"href":"https:\/\/partedepesca.com.ar\/d\/wp-json\/wp\/v2\/tags?post=3201"}],"curies":[{"name":"wp","href":"https:\/\/api.w.org\/{rel}","templated":true}]}}