{"id":3177,"date":"2023-09-21T17:53:33","date_gmt":"2023-09-21T17:53:33","guid":{"rendered":"https:\/\/partedepesca.com.ar\/d\/?p=3177"},"modified":"2023-09-25T18:55:18","modified_gmt":"2023-09-25T18:55:18","slug":"fin-de-la-temporada-de-langostino-el-lunes-se-suspenden-los-despachos","status":"publish","type":"post","link":"https:\/\/partedepesca.com.ar\/d\/fin-de-la-temporada-de-langostino-el-lunes-se-suspenden-los-despachos\/","title":{"rendered":"Fin de la temporada de langostino: El lunes se suspenden los despachos"},"content":{"rendered":"\n<p>El Consejo Federal Pesquero resolvi\u00f3 en la sesi\u00f3n de este jueves la culminaci\u00f3n de la zafra de la especie Pleoticus muelleri en aguas de jurisdicci\u00f3n nacional. El 25 de septiembre es el \u00faltimo d\u00eda para realizar despachos de buques a zona de pesca, ese mismo d\u00eda tambi\u00e9n se cierran las Sub\u00e1reas 7 y 13.<br>Los barcos tangoneros podr\u00e1n seguir operando hasta el 4 de octubre dentro del \u00c1rea de Veda de Merluza y hasta el 10 de octubre fuera del \u00c1rea de Veda.<br>As\u00ed lo comunic\u00f3 la Direcci\u00f3n Nacional de Coordinaci\u00f3n y Fiscalizaci\u00f3n Pesquera a la Prefectura Naval Argentina, sintetizada en cuatro \u00edtems.<\/p>\n\n\n\n<p>1- El cierre a la pesca comercial de langostino en las Sub\u00e1reas 7 y 13 a partir de las 19 horas del d\u00eda 25\/09\/2023.<\/p>\n\n\n\n<p>2- La suspensi\u00f3n del despacho a la pesca de langostino en aguas de jurisdicci\u00f3n nacional a partir de las 23:59 horas del d\u00eda 25\/09\/2023.<\/p>\n\n\n\n<p>3- Que ning\u00fan buque podr\u00e1 realizar operaciones de pesca dirigidas a la especie langostino en aguas de jurisdicci\u00f3n nacional, dentro del \u00c1rea de Veda Permanente de Juveniles de Merluza (AVPJM), m\u00e1s all\u00e1 de las 19 horas del d\u00eda 04\/10\/2023.<\/p>\n\n\n\n<p>4- Que ning\u00fan buque podr\u00e1 realizar operaciones de pesca dirigidas a la especie langostino en aguas de jurisdicci\u00f3n nacional, fuera del AVPJM, m\u00e1s all\u00e1 de las 19 horas del d\u00eda 10\/10\/2023.<\/p>\n","protected":false},"excerpt":{"rendered":"<p>El Consejo Federal Pesquero resolvi\u00f3 en la sesi\u00f3n de este jueves la culminaci\u00f3n de la zafra de la especie Pleoticus muelleri en aguas de jurisdicci\u00f3n nacional. El 25 de septiembre es el \u00faltimo d\u00eda para realizar despachos de buques a zona de pesca, ese mismo d\u00eda tambi\u00e9n se cierran las Sub\u00e1reas 7 y 13.Los barcos<\/p>\n","protected":false},"author":3,"featured_media":3178,"comment_status":"open","ping_status":"open","sticky":false,"template":"","format":"standard","meta":{"om_disable_all_campaigns":false,"_monsterinsights_skip_tracking":false,"_monsterinsights_sitenote_active":false,"_monsterinsights_sitenote_note":"","_monsterinsights_sitenote_category":0,"footnotes":""},"categories":[9],"tags":[91,431],"class_list":{"0":"post-3177","1":"post","2":"type-post","3":"status-publish","4":"format-standard","5":"has-post-thumbnail","7":"category-actualidad","8":"tag-featured","9":"tag-fin-temporada-langostino-aguas-nacionales"},"aioseo_notices":[],"amp_enabled":true,"_links":{"self":[{"href":"https:\/\/partedepesca.com.ar\/d\/wp-json\/wp\/v2\/posts\/3177","targetHints":{"allow":["GET"]}}],"collection":[{"href":"https:\/\/partedepesca.com.ar\/d\/wp-json\/wp\/v2\/posts"}],"about":[{"href":"https:\/\/partedepesca.com.ar\/d\/wp-json\/wp\/v2\/types\/post"}],"author":[{"embeddable":true,"href":"https:\/\/partedepesca.com.ar\/d\/wp-json\/wp\/v2\/users\/3"}],"replies":[{"embeddable":true,"href":"https:\/\/partedepesca.com.ar\/d\/wp-json\/wp\/v2\/comments?post=3177"}],"version-history":[{"count":1,"href":"https:\/\/partedepesca.com.ar\/d\/wp-json\/wp\/v2\/posts\/3177\/revisions"}],"predecessor-version":[{"id":3179,"href":"https:\/\/partedepesca.com.ar\/d\/wp-json\/wp\/v2\/posts\/3177\/revisions\/3179"}],"wp:featuredmedia":[{"embeddable":true,"href":"https:\/\/partedepesca.com.ar\/d\/wp-json\/wp\/v2\/media\/3178"}],"wp:attachment":[{"href":"https:\/\/partedepesca.com.ar\/d\/wp-json\/wp\/v2\/media?parent=3177"}],"wp:term":[{"taxonomy":"category","embeddable":true,"href":"https:\/\/partedepesca.com.ar\/d\/wp-json\/wp\/v2\/categories?post=3177"},{"taxonomy":"post_tag","embeddable":true,"href":"https:\/\/partedepesca.com.ar\/d\/wp-json\/wp\/v2\/tags?post=3177"}],"curies":[{"name":"wp","href":"https:\/\/api.w.org\/{rel}","templated":true}]}}