{"id":3161,"date":"2023-09-19T18:57:34","date_gmt":"2023-09-19T18:57:34","guid":{"rendered":"https:\/\/partedepesca.com.ar\/d\/?p=3161"},"modified":"2023-09-21T17:18:14","modified_gmt":"2023-09-21T17:18:14","slug":"plantearan-reeditar-el-programa-de-recupero-para-el-sector-pesquero-en-chubut","status":"publish","type":"post","link":"https:\/\/partedepesca.com.ar\/d\/plantearan-reeditar-el-programa-de-recupero-para-el-sector-pesquero-en-chubut\/","title":{"rendered":"Plantear\u00e1n reeditar el Programa de Recupero para el Sector Pesquero en Chubut"},"content":{"rendered":"\n<p>La industria pesquera viene alertando sobre la complejidad del escenario actual de la actividad por lo que se ha impulsado, desde CAPIP, la declaraci\u00f3n de la \u2018emergencia pesquera\u2019, pero no hay en la actual administraci\u00f3n provincial voluntad pol\u00edtica de aprobarla por parte de los diputados.<\/p>\n\n\n\n<p>Este ha sido un a\u00f1o con menores vol\u00famenes de captura, un fuerte incremento de los costos internos, la ca\u00edda de precios y los niveles de demanda de productos en los mercados internacionales, con un tipo de cambio retrasado para los exportadores, al tiempo que la pesca qued\u00f3 excluida de la quita de retenciones que se anunci\u00f3 para las econom\u00edas regionales.<\/p>\n\n\n\n<p>En este marco, es que se contin\u00faa bregando por la implementaci\u00f3n de medidas de alivio para el sector que eviten una profundizaci\u00f3n de la problem\u00e1tica.<\/p>\n\n\n\n<p>En Chubut hay un antecedente que podr\u00eda ser tomado como referencia, sostienen desde el sector, en referencia a que el Gobierno provincial en noviembre de 2012 instaur\u00f3 por decreto, luego ratificado por ley, el Programa de Recupero para el Sector Pesquero que entre otras medidas ten\u00eda reducci\u00f3n temporal de impuestos y canon.<\/p>\n\n\n\n<p>Se trat\u00f3 de un esquema de exenciones tributarias para las empresas que mantuvieran los puestos de trabajo y la cadena de pagos. Fue una herramienta de apuntalamiento de la actividad, que es una gran generadora de empleo, y una industria con profundo impacto en las comunidades costeras. Busc\u00f3 morigerar las consecuencias que hab\u00eda tenido la retracci\u00f3n de las exportaciones y la alteraci\u00f3n de toda la cadena de comercializaci\u00f3n.<\/p>\n\n\n\n<p>Cabe recordar que el Programa de Recupero del Sector Pesquero alcanz\u00f3 el 100% del 8 por mil (art\u00edculo 38 Ley X N\u00b0 15, el 100% de la tributaci\u00f3n local sobre combustible 2%, el 100% de Ingresos Brutos, el 100% del Canon de Extracci\u00f3n, y reducci\u00f3n de los costos y tasas portuarias.<\/p>\n\n\n\n<p>El paquete de medidas estuvo vigente desde fines de 2012 hasta 2015, y en el contexto actual que afronta la industria pesquera ser\u00eda como base una herramienta que el sector pide se vuelva a reeditar temporalmente, hasta que mejoren las variables internas y externas.<\/p>\n","protected":false},"excerpt":{"rendered":"<p>La industria pesquera viene alertando sobre la complejidad del escenario actual de la actividad por lo que se ha impulsado, desde CAPIP, la declaraci\u00f3n de la \u2018emergencia pesquera\u2019, pero no hay en la actual administraci\u00f3n provincial voluntad pol\u00edtica de aprobarla por parte de los diputados. Este ha sido un a\u00f1o con menores vol\u00famenes de captura,<\/p>\n","protected":false},"author":3,"featured_media":3162,"comment_status":"open","ping_status":"open","sticky":false,"template":"","format":"standard","meta":{"om_disable_all_campaigns":false,"_monsterinsights_skip_tracking":false,"_monsterinsights_sitenote_active":false,"_monsterinsights_sitenote_note":"","_monsterinsights_sitenote_category":0,"footnotes":""},"categories":[9],"tags":[246,91],"class_list":{"0":"post-3161","1":"post","2":"type-post","3":"status-publish","4":"format-standard","5":"has-post-thumbnail","7":"category-actualidad","8":"tag-emergencia-pesquera","9":"tag-featured"},"aioseo_notices":[],"amp_enabled":true,"_links":{"self":[{"href":"https:\/\/partedepesca.com.ar\/d\/wp-json\/wp\/v2\/posts\/3161","targetHints":{"allow":["GET"]}}],"collection":[{"href":"https:\/\/partedepesca.com.ar\/d\/wp-json\/wp\/v2\/posts"}],"about":[{"href":"https:\/\/partedepesca.com.ar\/d\/wp-json\/wp\/v2\/types\/post"}],"author":[{"embeddable":true,"href":"https:\/\/partedepesca.com.ar\/d\/wp-json\/wp\/v2\/users\/3"}],"replies":[{"embeddable":true,"href":"https:\/\/partedepesca.com.ar\/d\/wp-json\/wp\/v2\/comments?post=3161"}],"version-history":[{"count":1,"href":"https:\/\/partedepesca.com.ar\/d\/wp-json\/wp\/v2\/posts\/3161\/revisions"}],"predecessor-version":[{"id":3163,"href":"https:\/\/partedepesca.com.ar\/d\/wp-json\/wp\/v2\/posts\/3161\/revisions\/3163"}],"wp:featuredmedia":[{"embeddable":true,"href":"https:\/\/partedepesca.com.ar\/d\/wp-json\/wp\/v2\/media\/3162"}],"wp:attachment":[{"href":"https:\/\/partedepesca.com.ar\/d\/wp-json\/wp\/v2\/media?parent=3161"}],"wp:term":[{"taxonomy":"category","embeddable":true,"href":"https:\/\/partedepesca.com.ar\/d\/wp-json\/wp\/v2\/categories?post=3161"},{"taxonomy":"post_tag","embeddable":true,"href":"https:\/\/partedepesca.com.ar\/d\/wp-json\/wp\/v2\/tags?post=3161"}],"curies":[{"name":"wp","href":"https:\/\/api.w.org\/{rel}","templated":true}]}}