{"id":3151,"date":"2023-09-15T17:55:00","date_gmt":"2023-09-15T17:55:00","guid":{"rendered":"https:\/\/partedepesca.com.ar\/d\/?p=3151"},"modified":"2023-09-20T17:46:32","modified_gmt":"2023-09-20T17:46:32","slug":"en-el-158-aniversario-de-rawson-se-reactivo-el-dragado-del-puerto","status":"publish","type":"post","link":"https:\/\/partedepesca.com.ar\/d\/en-el-158-aniversario-de-rawson-se-reactivo-el-dragado-del-puerto\/","title":{"rendered":"En el 158\u00b0 Aniversario de Rawson se reactiv\u00f3 el dragado del Puerto"},"content":{"rendered":"\n<p>Con un a\u00f1o y medio de demora, la obra del dragado del puerto de Rawson se reinici\u00f3 este viernes 15 de septiembre de 2023, en coincidencia con el 158\u00b0 aniversario de la fundaci\u00f3n de la capital de Chubut.<\/p>\n\n\n\n<p>La empresa adjudicataria es la constructora Sudelco S.A. de Trelew que a su vez contrat\u00f3 a la firma Servimagnus S.A. que provey\u00f3 la draga Lucio, la m\u00e1s moderna existente en el pa\u00eds, se trata de un equipo de succi\u00f3n con cortador modelo CSD 500, dise\u00f1ada y construida por el astillero holand\u00e9s Damen Gorinchem.<\/p>\n\n\n\n<figure class=\"wp-block-embed is-type-rich is-provider-gestor-del-servicio wp-block-embed-gestor-del-servicio\"><div class=\"wp-block-embed__wrapper\">\n<div style=\"width: 640px;\" class=\"wp-video\"><video class=\"wp-video-shortcode\" id=\"video-3151-1\" width=\"640\" height=\"360\" preload=\"metadata\" controls=\"controls\"><source type=\"video\/mp4\" src=\"https:\/\/partedepesca.com.ar\/d\/wp-content\/uploads\/2023\/09\/Dragado-Puerto-Rawson-15-septiembre-2023.mp4?_=1\" \/><a href=\"https:\/\/partedepesca.com.ar\/d\/wp-content\/uploads\/2023\/09\/Dragado-Puerto-Rawson-15-septiembre-2023.mp4\">https:\/\/partedepesca.com.ar\/d\/wp-content\/uploads\/2023\/09\/Dragado-Puerto-Rawson-15-septiembre-2023.mp4<\/a><\/video><\/div>\n<\/div><\/figure>\n\n\n\n<p>Desde los organismos oficiales aseguran que los sedimentos en el \u00e1rea no son contaminantes, ya que se encuentran por debajo de los l\u00edmites m\u00e1ximos permitidos para su composici\u00f3n, sin embargo, se realizar\u00e1n monitoreos continuos para prevenir cualquier variaci\u00f3n. Por razones de seguridad el acceso al \u00e1rea de trabajo estar\u00e1 restringido al p\u00fablico.<\/p>\n\n\n\n<p>Tras la autorizaci\u00f3n judicial para continuar con la obra de dragado en el Puerto Rawson, el Gobierno provincial anunci\u00f3 que este viernes se reanudaron los trabajos. La decisi\u00f3n se basa en la rectificaci\u00f3n de que los sedimentos en el \u00e1rea no representan una fuente de contaminaci\u00f3n, ya que se encuentran significativamente por debajo de los l\u00edmites m\u00e1ximos permitidos para su composici\u00f3n.<\/p>\n\n\n\n<p>Indicaron que la supervisi\u00f3n de la obra est\u00e1 a cargo del Ministerio de Infraestructura, Energ\u00eda y Planificaci\u00f3n. Desde la cartera destacaron que el objetivo principal es mejorar la log\u00edstica operativa del puerto, lo que facilitar\u00e1 condiciones m\u00e1s favorables para la industria pesquera local.<\/p>\n\n\n\n<p>Tambi\u00e9n se\u00f1alaron que se llevar\u00e1n a cabo monitoreos continuos de los sedimentos en la playa para garantizar un control constante y prevenir cualquier variaci\u00f3n que pueda surgir.<\/p>\n\n\n\n<p>La Direcci\u00f3n de Infraestructura Portuaria, junto con la empresa encargada de los trabajos, recuerda que el acceso estar\u00e1 restringido en el \u00e1rea vallada en la que se ubica la Escollera de la zona de deportes n\u00e1uticos de Playa Uni\u00f3n.<\/p>\n\n\n\n<p>Adem\u00e1s, como medida preventiva, se aconseja evitar ingresar al agua en el \u00e1rea donde se est\u00e1n llevando a cabo los trabajos, debido a la presencia de s\u00f3lidos en suspensi\u00f3n generados por la obra.<\/p>\n","protected":false},"excerpt":{"rendered":"<p>Con un a\u00f1o y medio de demora, la obra del dragado del puerto de Rawson se reinici\u00f3 este viernes 15 de septiembre de 2023, en coincidencia con el 158\u00b0 aniversario de la fundaci\u00f3n de la capital de Chubut. La empresa adjudicataria es la constructora Sudelco S.A. de Trelew que a su vez contrat\u00f3 a la<\/p>\n","protected":false},"author":3,"featured_media":3153,"comment_status":"open","ping_status":"open","sticky":false,"template":"","format":"standard","meta":{"om_disable_all_campaigns":false,"_monsterinsights_skip_tracking":false,"_monsterinsights_sitenote_active":false,"_monsterinsights_sitenote_note":"","_monsterinsights_sitenote_category":0,"footnotes":""},"categories":[9],"tags":[185,91,424,186],"class_list":{"0":"post-3151","1":"post","2":"type-post","3":"status-publish","4":"format-standard","5":"has-post-thumbnail","7":"category-actualidad","8":"tag-dragado-puerto-rawson","9":"tag-featured","10":"tag-servimagunus","11":"tag-sudelco"},"aioseo_notices":[],"amp_enabled":true,"_links":{"self":[{"href":"https:\/\/partedepesca.com.ar\/d\/wp-json\/wp\/v2\/posts\/3151","targetHints":{"allow":["GET"]}}],"collection":[{"href":"https:\/\/partedepesca.com.ar\/d\/wp-json\/wp\/v2\/posts"}],"about":[{"href":"https:\/\/partedepesca.com.ar\/d\/wp-json\/wp\/v2\/types\/post"}],"author":[{"embeddable":true,"href":"https:\/\/partedepesca.com.ar\/d\/wp-json\/wp\/v2\/users\/3"}],"replies":[{"embeddable":true,"href":"https:\/\/partedepesca.com.ar\/d\/wp-json\/wp\/v2\/comments?post=3151"}],"version-history":[{"count":1,"href":"https:\/\/partedepesca.com.ar\/d\/wp-json\/wp\/v2\/posts\/3151\/revisions"}],"predecessor-version":[{"id":3154,"href":"https:\/\/partedepesca.com.ar\/d\/wp-json\/wp\/v2\/posts\/3151\/revisions\/3154"}],"wp:featuredmedia":[{"embeddable":true,"href":"https:\/\/partedepesca.com.ar\/d\/wp-json\/wp\/v2\/media\/3153"}],"wp:attachment":[{"href":"https:\/\/partedepesca.com.ar\/d\/wp-json\/wp\/v2\/media?parent=3151"}],"wp:term":[{"taxonomy":"category","embeddable":true,"href":"https:\/\/partedepesca.com.ar\/d\/wp-json\/wp\/v2\/categories?post=3151"},{"taxonomy":"post_tag","embeddable":true,"href":"https:\/\/partedepesca.com.ar\/d\/wp-json\/wp\/v2\/tags?post=3151"}],"curies":[{"name":"wp","href":"https:\/\/api.w.org\/{rel}","templated":true}]}}