{"id":3142,"date":"2023-09-14T17:21:35","date_gmt":"2023-09-14T17:21:35","guid":{"rendered":"https:\/\/partedepesca.com.ar\/d\/?p=3142"},"modified":"2023-09-18T21:03:18","modified_gmt":"2023-09-18T21:03:18","slug":"un-empresario-anuncio-quien-sera-el-secretario-de-pesca-de-nacho-torres","status":"publish","type":"post","link":"https:\/\/partedepesca.com.ar\/d\/un-empresario-anuncio-quien-sera-el-secretario-de-pesca-de-nacho-torres\/","title":{"rendered":"Un empresario anunci\u00f3 qui\u00e9n ser\u00e1 el Secretario de Pesca de \u201cNacho\u201d Torres"},"content":{"rendered":"\n<p>El gobernador electo de Chubut, Ignacio Agust\u00edn Torres, hab\u00eda mantenido en reserva, al menos p\u00fablicamente, el nombre de qui\u00e9n ser\u00e1 el encargado de conducir la administraci\u00f3n pesquera provincial a partir del 10 de diciembre.<\/p>\n\n\n\n<p>Pero este jueves fue el empresario de la flota amarilla, Gustavo Gonz\u00e1lez, quien ventil\u00f3 y oficializ\u00f3 que el abogado Andr\u00e9s Pedro Arbeletche ser\u00e1 el reemplazante de Gabriel Aguilar.<\/p>\n\n\n\n<p>El hecho es in\u00e9dito y casi ins\u00f3lito. Un \u201cadministrado\u201d anuncia qui\u00e9n ser\u00e1 su \u201cadministrador\u201d.<\/p>\n\n\n\n<p>El derroche verborr\u00e1gico de Gonz\u00e1lez deja en inc\u00f3moda posici\u00f3n y bastante mal parado al futuro titular del Poder Ejecutivo Provincial, que ahora queda condicionado a apenas limitarse a ratificar lo que anunci\u00f3, ante los medios de prensa, el presidente de la Flota Amarilla de Chubut.<\/p>\n\n\n\n<p>En el sector hubo m\u00faltiples lecturas, este jueves, tras el \u201canuncio\u201d, lo que alimenta la teor\u00eda que la Secretar\u00eda de Pesca seguir\u00e1 -como hasta ahora- siendo digitada desde la conducci\u00f3n de la CAFACh, desde donde hubo fuertes aportes de financiamiento a la campa\u00f1a del gobernador electo, al punto incluso que un hermano de Gustavo Gonz\u00e1lez ocup\u00f3 el cuarto lugar en la lista de diputados provinciales e integrara la Legislatura desde diciembre.<\/p>\n","protected":false},"excerpt":{"rendered":"<p>El gobernador electo de Chubut, Ignacio Agust\u00edn Torres, hab\u00eda mantenido en reserva, al menos p\u00fablicamente, el nombre de qui\u00e9n ser\u00e1 el encargado de conducir la administraci\u00f3n pesquera provincial a partir del 10 de diciembre. Pero este jueves fue el empresario de la flota amarilla, Gustavo Gonz\u00e1lez, quien ventil\u00f3 y oficializ\u00f3 que el abogado Andr\u00e9s Pedro<\/p>\n","protected":false},"author":3,"featured_media":3145,"comment_status":"open","ping_status":"open","sticky":false,"template":"","format":"standard","meta":{"om_disable_all_campaigns":false,"_monsterinsights_skip_tracking":false,"_monsterinsights_sitenote_active":false,"_monsterinsights_sitenote_note":"","_monsterinsights_sitenote_category":0,"footnotes":""},"categories":[9],"tags":[420,91,421,422],"class_list":{"0":"post-3142","1":"post","2":"type-post","3":"status-publish","4":"format-standard","5":"has-post-thumbnail","7":"category-actualidad","8":"tag-andres-arbeletche","9":"tag-featured","10":"tag-gustavo-gonzalez","11":"tag-secretaria-de-pesca-de-chubut"},"aioseo_notices":[],"amp_enabled":true,"_links":{"self":[{"href":"https:\/\/partedepesca.com.ar\/d\/wp-json\/wp\/v2\/posts\/3142","targetHints":{"allow":["GET"]}}],"collection":[{"href":"https:\/\/partedepesca.com.ar\/d\/wp-json\/wp\/v2\/posts"}],"about":[{"href":"https:\/\/partedepesca.com.ar\/d\/wp-json\/wp\/v2\/types\/post"}],"author":[{"embeddable":true,"href":"https:\/\/partedepesca.com.ar\/d\/wp-json\/wp\/v2\/users\/3"}],"replies":[{"embeddable":true,"href":"https:\/\/partedepesca.com.ar\/d\/wp-json\/wp\/v2\/comments?post=3142"}],"version-history":[{"count":1,"href":"https:\/\/partedepesca.com.ar\/d\/wp-json\/wp\/v2\/posts\/3142\/revisions"}],"predecessor-version":[{"id":3144,"href":"https:\/\/partedepesca.com.ar\/d\/wp-json\/wp\/v2\/posts\/3142\/revisions\/3144"}],"wp:featuredmedia":[{"embeddable":true,"href":"https:\/\/partedepesca.com.ar\/d\/wp-json\/wp\/v2\/media\/3145"}],"wp:attachment":[{"href":"https:\/\/partedepesca.com.ar\/d\/wp-json\/wp\/v2\/media?parent=3142"}],"wp:term":[{"taxonomy":"category","embeddable":true,"href":"https:\/\/partedepesca.com.ar\/d\/wp-json\/wp\/v2\/categories?post=3142"},{"taxonomy":"post_tag","embeddable":true,"href":"https:\/\/partedepesca.com.ar\/d\/wp-json\/wp\/v2\/tags?post=3142"}],"curies":[{"name":"wp","href":"https:\/\/api.w.org\/{rel}","templated":true}]}}