{"id":3128,"date":"2023-09-12T13:38:49","date_gmt":"2023-09-12T13:38:49","guid":{"rendered":"https:\/\/partedepesca.com.ar\/d\/?p=3128"},"modified":"2023-09-14T17:22:08","modified_gmt":"2023-09-14T17:22:08","slug":"buscan-consolidar-el-desarrollo-de-la-produccion-naval-en-patagonia","status":"publish","type":"post","link":"https:\/\/partedepesca.com.ar\/d\/buscan-consolidar-el-desarrollo-de-la-produccion-naval-en-patagonia\/","title":{"rendered":"Buscan consolidar el desarrollo de la producci\u00f3n naval en Patagonia"},"content":{"rendered":"\n<p>Hoy se conmemora el D\u00eda de la Industria Naval y desde la C\u00e1mara Industrial y de Comercio Exterior de Puerto Madryn y Regi\u00f3n Patagonia expresaron su apuesta por el desarrollo de la producci\u00f3n naval a nivel regional y nacional.<\/p>\n\n\n\n<p>\u201cEstamos en un contexto general bastante complejo, a pesar de lo cual, hoy todos los astilleros estamos trabajando. Hay proyectos en ejecuci\u00f3n, trabajos en marcha, pero estamos teniendo problemas de aprovisionamiento y una suba de costos de los insumos\u201d, grafic\u00f3 el ingeniero Walter Granja, referente de la industria naval en CIMA Patagonia, al trazar un panorama de la coyuntura actual a nivel sectorial.<\/p>\n\n\n\n<p>Por otro lado, sostuvo que uno de los desaf\u00edos que demanda la actividad es \u201clograr contar con personal calificado, no es f\u00e1cil encontrar mano de obra especializada. Creo que faltan capacitaciones y formaci\u00f3n en esta materia. Es muy importante el rol de las escuelas t\u00e9cnicas en estos procesos\u201d, reflexion\u00f3 Granja.<\/p>\n\n\n\n<p>\u201cHoy hay astilleros en Argentina que pueden dar respuesta a las demandas de renovaci\u00f3n de flota en la industria pesquera. Necesitamos una visi\u00f3n en conjunto con el poder pol\u00edtico para que se generen incentivos y tambi\u00e9n se puedan construir ac\u00e1 barcos que ahora se mandan a construir afuera\u201d, plante\u00f3 el titular del Estudio Naval IWG, el cual desarrolla proyectos en Astilleros Al Sur ubicado en Puerto Rawson.<\/p>\n\n\n\n<figure class=\"wp-block-image size-large\"><a href=\"https:\/\/partedepesca.com.ar\/d\/wp-content\/uploads\/2023\/09\/Ing-Walter-Granja-scaled.jpg\"><img fetchpriority=\"high\" decoding=\"async\" width=\"1024\" height=\"586\" src=\"https:\/\/partedepesca.com.ar\/d\/wp-content\/uploads\/2023\/09\/Ing-Walter-Granja-1024x586.jpg\" alt=\"\" class=\"wp-image-3129\" srcset=\"https:\/\/partedepesca.com.ar\/d\/wp-content\/uploads\/2023\/09\/Ing-Walter-Granja-1024x586.jpg 1024w, https:\/\/partedepesca.com.ar\/d\/wp-content\/uploads\/2023\/09\/Ing-Walter-Granja-300x172.jpg 300w, https:\/\/partedepesca.com.ar\/d\/wp-content\/uploads\/2023\/09\/Ing-Walter-Granja-768x439.jpg 768w, https:\/\/partedepesca.com.ar\/d\/wp-content\/uploads\/2023\/09\/Ing-Walter-Granja-1536x879.jpg 1536w, https:\/\/partedepesca.com.ar\/d\/wp-content\/uploads\/2023\/09\/Ing-Walter-Granja-2048x1172.jpg 2048w, https:\/\/partedepesca.com.ar\/d\/wp-content\/uploads\/2023\/09\/Ing-Walter-Granja-150x86.jpg 150w, https:\/\/partedepesca.com.ar\/d\/wp-content\/uploads\/2023\/09\/Ing-Walter-Granja-450x257.jpg 450w, https:\/\/partedepesca.com.ar\/d\/wp-content\/uploads\/2023\/09\/Ing-Walter-Granja-1200x687.jpg 1200w\" sizes=\"(max-width: 1024px) 100vw, 1024px\" \/><\/a><\/figure>\n\n\n\n<p>Granja cit\u00f3 tambi\u00e9n que las restricciones a las importaciones y limitaciones al acceso de divisas afectan en la actualidad a la industria naval, poniendo como ejemplo, que \u201cen la etapa constructiva cuando se llega a la incorporaci\u00f3n de los motores se hace muy dif\u00edcil tener un precio definitivo. Al ser productos importados termina impactado en toda la cadena de producci\u00f3n\u201d, manifest\u00f3.<\/p>\n\n\n\n<p>No obstante, dijo que \u201ca nivel regional debi\u00e9ramos tener la visi\u00f3n estrat\u00e9gica de fortalecer a los astilleros patag\u00f3nicos. El denominado \u2018compre local\u2019 debe ser tambi\u00e9n tenido en cuenta para la industria naval\u201d, concluy\u00f3.<\/p>\n","protected":false},"excerpt":{"rendered":"<p>Hoy se conmemora el D\u00eda de la Industria Naval y desde la C\u00e1mara Industrial y de Comercio Exterior de Puerto Madryn y Regi\u00f3n Patagonia expresaron su apuesta por el desarrollo de la producci\u00f3n naval a nivel regional y nacional. \u201cEstamos en un contexto general bastante complejo, a pesar de lo cual, hoy todos los astilleros<\/p>\n","protected":false},"author":3,"featured_media":3130,"comment_status":"open","ping_status":"open","sticky":false,"template":"","format":"standard","meta":{"om_disable_all_campaigns":false,"_monsterinsights_skip_tracking":false,"_monsterinsights_sitenote_active":false,"_monsterinsights_sitenote_note":"","_monsterinsights_sitenote_category":0,"footnotes":""},"categories":[9],"tags":[91],"class_list":{"0":"post-3128","1":"post","2":"type-post","3":"status-publish","4":"format-standard","5":"has-post-thumbnail","7":"category-actualidad","8":"tag-featured"},"aioseo_notices":[],"amp_enabled":true,"_links":{"self":[{"href":"https:\/\/partedepesca.com.ar\/d\/wp-json\/wp\/v2\/posts\/3128","targetHints":{"allow":["GET"]}}],"collection":[{"href":"https:\/\/partedepesca.com.ar\/d\/wp-json\/wp\/v2\/posts"}],"about":[{"href":"https:\/\/partedepesca.com.ar\/d\/wp-json\/wp\/v2\/types\/post"}],"author":[{"embeddable":true,"href":"https:\/\/partedepesca.com.ar\/d\/wp-json\/wp\/v2\/users\/3"}],"replies":[{"embeddable":true,"href":"https:\/\/partedepesca.com.ar\/d\/wp-json\/wp\/v2\/comments?post=3128"}],"version-history":[{"count":1,"href":"https:\/\/partedepesca.com.ar\/d\/wp-json\/wp\/v2\/posts\/3128\/revisions"}],"predecessor-version":[{"id":3131,"href":"https:\/\/partedepesca.com.ar\/d\/wp-json\/wp\/v2\/posts\/3128\/revisions\/3131"}],"wp:featuredmedia":[{"embeddable":true,"href":"https:\/\/partedepesca.com.ar\/d\/wp-json\/wp\/v2\/media\/3130"}],"wp:attachment":[{"href":"https:\/\/partedepesca.com.ar\/d\/wp-json\/wp\/v2\/media?parent=3128"}],"wp:term":[{"taxonomy":"category","embeddable":true,"href":"https:\/\/partedepesca.com.ar\/d\/wp-json\/wp\/v2\/categories?post=3128"},{"taxonomy":"post_tag","embeddable":true,"href":"https:\/\/partedepesca.com.ar\/d\/wp-json\/wp\/v2\/tags?post=3128"}],"curies":[{"name":"wp","href":"https:\/\/api.w.org\/{rel}","templated":true}]}}