{"id":3115,"date":"2023-09-11T06:20:04","date_gmt":"2023-09-11T06:20:04","guid":{"rendered":"https:\/\/partedepesca.com.ar\/d\/?p=3115"},"modified":"2023-09-13T18:27:33","modified_gmt":"2023-09-13T18:27:33","slug":"crece-preocupacion-entre-exportadores-argentinos-de-merluza-a-brasil","status":"publish","type":"post","link":"https:\/\/partedepesca.com.ar\/d\/crece-preocupacion-entre-exportadores-argentinos-de-merluza-a-brasil\/","title":{"rendered":"Crece preocupaci\u00f3n entre exportadores argentinos de merluza a Brasil"},"content":{"rendered":"\n<p>Solamente tres empresas argentinas participar\u00e1n este a\u00f1o de la <strong>&#8220;Seafood Show Latin America&#8221; <\/strong>que se desarrollar\u00e1 en octubre en San Pablo. El dato evidencia el creciente malestar existente entre los exportadores por lo que consideran un ardid sistem\u00e1tico de la industria pesquera de Brasil, con fuerte poder de presi\u00f3n, tal lo han demostrado en las administraciones de Jair Bolsonado y ahora nuevamente con el tercer mandato presidencial de Luiz In\u00e1cio Lula da Silva.<\/p>\n\n\n\n<p>En 2022 una decena de empresas pesqueras argentinas participaron de la feria de San Pablo, exponiendo productos y explorando nichos de mercado de diferentes especies. Pero la enorme cantidad de env\u00edos de merluza rechazados por la presencia de par\u00e1sitos hizo que solamente tres de las grandes empresas se dispusieran a tener stands en la Seafood Show Latin America: Newsan, Red Chamber Argentina e Iberconsa.<\/p>\n\n\n\n<p>Desde la Embajada Argentina en Brasil y desde el Consejo Federal Pesquero intentaron persuadir a compa\u00f1\u00edas locales para que exhiban sus productos en ese espacio de negocios que busca combinar el encuentro de oferta de productos con importadoras y distribuidoras, pero las reiteradas experiencias negativas de tener env\u00edos rechazados, con la p\u00e9rdida de la mercader\u00eda, desalent\u00f3 la participaci\u00f3n en esa vidriera comercial.<\/p>\n\n\n\n<p>Es un problema que no se ha podido resolver a lo largo del tiempo. Desde Argentina se trabaj\u00f3 muy fuerte en elaborar s\u00f3lidos argumentos que rechazan las exigencias de las autoridades sanitarias de Brasil para impedir el ingreso de merluza hubbsi. Empresas agrupadas, independientes, el SENASA, la Subsecretar\u00eda de Pesca de la Naci\u00f3n elaboraron <a href=\"https:\/\/partedepesca.com.ar\/d\/argentina-presenta-solidos-argumentos-tecnicos-para-el-ingreso-de-merluza-a-brasil\/\">s\u00f3lidos argumentos t\u00e9cnicos para el ingreso de merluza a Brasil<\/a>, tal como anticip\u00f3 <strong>PARTE DE PESCA<\/strong>.<\/p>\n\n\n\n<p>Desde el sector exportador se cre\u00eda que la \u2018sinton\u00eda\u2019 pol\u00edtica entre la administraci\u00f3n de Alberto Fern\u00e1ndez, su embajador Daniel Scioli y la nueva llegada de Lula da Silva permitir\u00eda sortear estos encorsetamientos, pero eso no ocurri\u00f3. Hay expectativas sobre la exposici\u00f3n p\u00fablica que har\u00e1 Argentina ante el Ministerio de Agricultura, Ganader\u00eda y Abastecimiento de Brasil (MAPA); se consensu\u00f3 un documento entre las empresas agrupadas, independientes, organismos t\u00e9cnicos y cient\u00edficos, y la administraci\u00f3n pesquera nacional a la espera que se atiendan las fundamentaciones expuestas.<\/p>\n\n\n\n<p>Lo cierto es que, sobre los niveles de presencia de par\u00e1sitos en la merluza, Argentina ha demostrado que \u201cse puede garantizar la inocuidad del consumo de estos alimentos\u201d, pero las autoridades brasile\u00f1as no las han tenido en cuenta.<\/p>\n\n\n\n<p>\u201cNo tiene sentido ir a buscar clientes, cerrar operaciones comerciales y despu\u00e9s perder el cargamento\u201d, sintetiz\u00f3 un exportador consultado, sobre el malestar empresario con este accionar, por lo que resolvieron este a\u00f1o no participar de la &#8220;Seafood Show Latin America&#8221;.<\/p>\n\n\n\n<p>Tal vez esta vez haya m\u00e1s funcionarios que empresas representado a Argentina.<\/p>\n","protected":false},"excerpt":{"rendered":"<p>Solamente tres empresas argentinas participar\u00e1n este a\u00f1o de la &#8220;Seafood Show Latin America&#8221; que se desarrollar\u00e1 en octubre en San Pablo. El dato evidencia el creciente malestar existente entre los exportadores por lo que consideran un ardid sistem\u00e1tico de la industria pesquera de Brasil, con fuerte poder de presi\u00f3n, tal lo han demostrado en las<\/p>\n","protected":false},"author":3,"featured_media":3116,"comment_status":"open","ping_status":"open","sticky":false,"template":"","format":"standard","meta":{"om_disable_all_campaigns":false,"_monsterinsights_skip_tracking":false,"_monsterinsights_sitenote_active":false,"_monsterinsights_sitenote_note":"","_monsterinsights_sitenote_category":0,"footnotes":""},"categories":[9],"tags":[91],"class_list":{"0":"post-3115","1":"post","2":"type-post","3":"status-publish","4":"format-standard","5":"has-post-thumbnail","7":"category-actualidad","8":"tag-featured"},"aioseo_notices":[],"amp_enabled":true,"_links":{"self":[{"href":"https:\/\/partedepesca.com.ar\/d\/wp-json\/wp\/v2\/posts\/3115","targetHints":{"allow":["GET"]}}],"collection":[{"href":"https:\/\/partedepesca.com.ar\/d\/wp-json\/wp\/v2\/posts"}],"about":[{"href":"https:\/\/partedepesca.com.ar\/d\/wp-json\/wp\/v2\/types\/post"}],"author":[{"embeddable":true,"href":"https:\/\/partedepesca.com.ar\/d\/wp-json\/wp\/v2\/users\/3"}],"replies":[{"embeddable":true,"href":"https:\/\/partedepesca.com.ar\/d\/wp-json\/wp\/v2\/comments?post=3115"}],"version-history":[{"count":3,"href":"https:\/\/partedepesca.com.ar\/d\/wp-json\/wp\/v2\/posts\/3115\/revisions"}],"predecessor-version":[{"id":3119,"href":"https:\/\/partedepesca.com.ar\/d\/wp-json\/wp\/v2\/posts\/3115\/revisions\/3119"}],"wp:featuredmedia":[{"embeddable":true,"href":"https:\/\/partedepesca.com.ar\/d\/wp-json\/wp\/v2\/media\/3116"}],"wp:attachment":[{"href":"https:\/\/partedepesca.com.ar\/d\/wp-json\/wp\/v2\/media?parent=3115"}],"wp:term":[{"taxonomy":"category","embeddable":true,"href":"https:\/\/partedepesca.com.ar\/d\/wp-json\/wp\/v2\/categories?post=3115"},{"taxonomy":"post_tag","embeddable":true,"href":"https:\/\/partedepesca.com.ar\/d\/wp-json\/wp\/v2\/tags?post=3115"}],"curies":[{"name":"wp","href":"https:\/\/api.w.org\/{rel}","templated":true}]}}