{"id":3108,"date":"2023-09-08T01:35:48","date_gmt":"2023-09-08T01:35:48","guid":{"rendered":"https:\/\/partedepesca.com.ar\/d\/?p=3108"},"modified":"2023-09-12T13:13:17","modified_gmt":"2023-09-12T13:13:17","slug":"enrique-szewach-la-dolarizacion-nos-distrae-de-los-temas-de-fondo","status":"publish","type":"post","link":"https:\/\/partedepesca.com.ar\/d\/enrique-szewach-la-dolarizacion-nos-distrae-de-los-temas-de-fondo\/","title":{"rendered":"Enrique Szewach: \u201cLa dolarizaci\u00f3n nos distrae de los temas de fondo\u201d"},"content":{"rendered":"\n<p>El Instituto Argentino de Ejecutivos de Finanzas (IAEF) inici\u00f3 este jueves su 44\u00b0 Convenci\u00f3n Anual, en <strong>Puerto Madryn<\/strong>, con la presencia de directivos y CEOs de empresas de primera l\u00ednea a nivel nacional, economistas, consultores internacionales y una amplia grilla de expositores para el abordaje del contexto y perspectivas del escenario econ\u00f3mico nacional, cruzado por el actual proceso electoral.<\/p>\n\n\n\n<p>En el cierre de la primera jornada disert\u00f3 el economista <strong>Enrique Szewach, director Ejecutivo del IERAL de la Fundaci\u00f3n Mediterr\u00e1nea<\/strong> <strong>e integrante del equipo de Carlos Melconian<\/strong>, candidato a ministro de Econom\u00eda por Juntos por el Cambio, en un hipot\u00e9tico gobierno de Patricia Bullrich.<\/p>\n\n\n\n<p>Ofici\u00f3 de moderador Jos\u00e9 Del R\u00edo, secretario General de Redacci\u00f3n del diario La Naci\u00f3n y director de Contenidos del Grupo La Naci\u00f3n. La inauguraci\u00f3n del evento estuvo a cargo del presidente del IAEF, Diego Cazorla, la presidenta de la Convenci\u00f3n, Casiana Silveyra Perdriel, y el intendente de Puerto Madryn, Gustavo Sastre. En tanto, para la ceremonia de cierre prevista para este viernes fue invitado el senador nacional y gobernador electo de Chubut, Ignacio Torres. El actual mandatario provincial Mariano Arcioni se encuentra fuera del pa\u00eds.<\/p>\n\n\n\n<figure class=\"wp-block-image size-large\"><a href=\"https:\/\/partedepesca.com.ar\/d\/wp-content\/uploads\/2023\/09\/IAEF-Puerto-Madryn-Gustavo-Sastre.jpg\"><img fetchpriority=\"high\" decoding=\"async\" width=\"1024\" height=\"683\" src=\"https:\/\/partedepesca.com.ar\/d\/wp-content\/uploads\/2023\/09\/IAEF-Puerto-Madryn-Gustavo-Sastre-1024x683.jpg\" alt=\"\" class=\"wp-image-3110\" srcset=\"https:\/\/partedepesca.com.ar\/d\/wp-content\/uploads\/2023\/09\/IAEF-Puerto-Madryn-Gustavo-Sastre-1024x683.jpg 1024w, https:\/\/partedepesca.com.ar\/d\/wp-content\/uploads\/2023\/09\/IAEF-Puerto-Madryn-Gustavo-Sastre-300x200.jpg 300w, https:\/\/partedepesca.com.ar\/d\/wp-content\/uploads\/2023\/09\/IAEF-Puerto-Madryn-Gustavo-Sastre-768x512.jpg 768w, https:\/\/partedepesca.com.ar\/d\/wp-content\/uploads\/2023\/09\/IAEF-Puerto-Madryn-Gustavo-Sastre-1536x1025.jpg 1536w, https:\/\/partedepesca.com.ar\/d\/wp-content\/uploads\/2023\/09\/IAEF-Puerto-Madryn-Gustavo-Sastre-150x100.jpg 150w, https:\/\/partedepesca.com.ar\/d\/wp-content\/uploads\/2023\/09\/IAEF-Puerto-Madryn-Gustavo-Sastre-450x300.jpg 450w, https:\/\/partedepesca.com.ar\/d\/wp-content\/uploads\/2023\/09\/IAEF-Puerto-Madryn-Gustavo-Sastre-1200x800.jpg 1200w, https:\/\/partedepesca.com.ar\/d\/wp-content\/uploads\/2023\/09\/IAEF-Puerto-Madryn-Gustavo-Sastre.jpg 2048w\" sizes=\"(max-width: 1024px) 100vw, 1024px\" \/><\/a><figcaption class=\"wp-element-caption\">El intendente Gustavo Sastre inaugur\u00f3 la Convenci\u00f3n Anual del IAEF<\/figcaption><\/figure>\n\n\n\n<p><strong>\u201cEL MAYOR PROBLEMA ES EL FISCAL\u201d<\/strong><\/p>\n\n\n\n<p>Enrique Szewach es economista, periodista, escritor, ex director del BCRA, ex vicepresidente del Banco Naci\u00f3n y ahora coordinador general de los equipos t\u00e9cnicos de Melconian.<\/p>\n\n\n\n<p>Desde Puerto Madryn opin\u00f3 sobre el debate p\u00fablico referido a la dolarizaci\u00f3n, que puso en agenda, el candidato m\u00e1s votado en las PASO, Javier Milei, se\u00f1alando que \u201cen nuestro programa econ\u00f3mico, el bimonetarismo que es nuestra alternativa, debe tener cinco renglones. El problema m\u00e1s serio de la Argentina, es el problema fiscal\u201d, enfatiz\u00f3. \u201cEl Banco Central financia el sector p\u00fablico, por eso, es necesario primero cerrar la cuesti\u00f3n fiscal en forma sustentable. Sin eso es imposible tener estabilidad de las reglas de juego\u201d, defini\u00f3.<\/p>\n\n\n\n<p><strong>\u201cHAY QUE PONERLE FIN AL POPULISMO\u201d<\/strong><\/p>\n\n\n\n<p>Al comparar los estados nacionales que se dolarizaron, cit\u00f3 la experiencia de Ecuador, \u201cque primero hizo un Plan Bonex y despu\u00e9s dolariz\u00f3. Ya tuvieron dos <em>default<\/em> y ahora es un narco estado\u201d, ejemplific\u00f3 al sostener la inviabilidad de ese proceso, seg\u00fan su perspectiva. \u201cLa dolarizaci\u00f3n nos distrae de los temas de fondo\u201d, sugiri\u00f3.<\/p>\n\n\n\n<figure class=\"wp-block-image size-large\"><a href=\"https:\/\/partedepesca.com.ar\/d\/wp-content\/uploads\/2023\/09\/IAEF-Puerto-Madryn.jpg\"><img decoding=\"async\" width=\"1024\" height=\"685\" src=\"https:\/\/partedepesca.com.ar\/d\/wp-content\/uploads\/2023\/09\/IAEF-Puerto-Madryn-1024x685.jpg\" alt=\"\" class=\"wp-image-3109\" srcset=\"https:\/\/partedepesca.com.ar\/d\/wp-content\/uploads\/2023\/09\/IAEF-Puerto-Madryn-1024x685.jpg 1024w, https:\/\/partedepesca.com.ar\/d\/wp-content\/uploads\/2023\/09\/IAEF-Puerto-Madryn-300x201.jpg 300w, https:\/\/partedepesca.com.ar\/d\/wp-content\/uploads\/2023\/09\/IAEF-Puerto-Madryn-768x514.jpg 768w, https:\/\/partedepesca.com.ar\/d\/wp-content\/uploads\/2023\/09\/IAEF-Puerto-Madryn-150x100.jpg 150w, https:\/\/partedepesca.com.ar\/d\/wp-content\/uploads\/2023\/09\/IAEF-Puerto-Madryn-450x301.jpg 450w, https:\/\/partedepesca.com.ar\/d\/wp-content\/uploads\/2023\/09\/IAEF-Puerto-Madryn-1200x803.jpg 1200w, https:\/\/partedepesca.com.ar\/d\/wp-content\/uploads\/2023\/09\/IAEF-Puerto-Madryn.jpg 1280w\" sizes=\"(max-width: 1024px) 100vw, 1024px\" \/><\/a><figcaption class=\"wp-element-caption\">Szewach insisti\u00f3 en la necesidad del ordenamiento fiscal<\/figcaption><\/figure>\n\n\n\n<p>El economista cont\u00f3 al auditorio madrynense que \u201cnos impusimos tres metas: llevar el d\u00e9ficit fiscal a cero, recuperar el mercado de capitales, y poder tener las reglas necesarias para que el sector privado produzca, crezca y genere inversiones y empleos\u201d.<\/p>\n\n\n\n<p>\u201cHay que pasar de este r\u00e9gimen actual y ponerle fin al populismo que no da para m\u00e1s. Pero todo empieza por ordenar la cuesti\u00f3n fiscal\u201d, insisti\u00f3 durante la convenci\u00f3n del IAEF.<\/p>\n\n\n\n<p><strong>CAMBIO DE REGLAS PROFUNDO<\/strong><\/p>\n\n\n\n<p>Ante la presencia de ejecutivos de diferentes compa\u00f1\u00edas y empresarios de la regi\u00f3n, Szewach defendi\u00f3 el programa propuesto, diferenci\u00e1ndolo del aplicado por Mauricio Macri, se\u00f1alando que \u201c<strong>Argentina tiene que pasar a que sea el sector privado el que tenga los incentivos necesarios, para lo que hace el sector privado en todo el mundo<\/strong>. Eso implica un cambio de reglas muy profundo, que nos lleva a competir\u201d.<\/p>\n\n\n\n<p>\u201cEn un pa\u00eds normal, si los cinco hombres del sector petrolero se juntan a fijar el precio, van presos. En Argentina, los junta el Gobierno y adem\u00e1s le sirve el t\u00e9. As\u00ed la econom\u00eda no puede funcionar m\u00e1s. Ese sistema para nosotros termin\u00f3 y ese es el cambio que proponemos. Estamos frente a un fin de ciclo\u201d, concluy\u00f3.<\/p>\n","protected":false},"excerpt":{"rendered":"<p>El Instituto Argentino de Ejecutivos de Finanzas (IAEF) inici\u00f3 este jueves su 44\u00b0 Convenci\u00f3n Anual, en Puerto Madryn, con la presencia de directivos y CEOs de empresas de primera l\u00ednea a nivel nacional, economistas, consultores internacionales y una amplia grilla de expositores para el abordaje del contexto y perspectivas del escenario econ\u00f3mico nacional, cruzado por<\/p>\n","protected":false},"author":3,"featured_media":3111,"comment_status":"open","ping_status":"open","sticky":false,"template":"","format":"standard","meta":{"om_disable_all_campaigns":false,"_monsterinsights_skip_tracking":false,"_monsterinsights_sitenote_active":false,"_monsterinsights_sitenote_note":"","_monsterinsights_sitenote_category":0,"footnotes":""},"categories":[9],"tags":[417,91,419,416,418],"class_list":{"0":"post-3108","1":"post","2":"type-post","3":"status-publish","4":"format-standard","5":"has-post-thumbnail","7":"category-actualidad","8":"tag-enrique-szewach","9":"tag-featured","10":"tag-fundacion-mediterranea","11":"tag-iaef","12":"tag-ieral"},"aioseo_notices":[],"amp_enabled":true,"_links":{"self":[{"href":"https:\/\/partedepesca.com.ar\/d\/wp-json\/wp\/v2\/posts\/3108","targetHints":{"allow":["GET"]}}],"collection":[{"href":"https:\/\/partedepesca.com.ar\/d\/wp-json\/wp\/v2\/posts"}],"about":[{"href":"https:\/\/partedepesca.com.ar\/d\/wp-json\/wp\/v2\/types\/post"}],"author":[{"embeddable":true,"href":"https:\/\/partedepesca.com.ar\/d\/wp-json\/wp\/v2\/users\/3"}],"replies":[{"embeddable":true,"href":"https:\/\/partedepesca.com.ar\/d\/wp-json\/wp\/v2\/comments?post=3108"}],"version-history":[{"count":2,"href":"https:\/\/partedepesca.com.ar\/d\/wp-json\/wp\/v2\/posts\/3108\/revisions"}],"predecessor-version":[{"id":3113,"href":"https:\/\/partedepesca.com.ar\/d\/wp-json\/wp\/v2\/posts\/3108\/revisions\/3113"}],"wp:featuredmedia":[{"embeddable":true,"href":"https:\/\/partedepesca.com.ar\/d\/wp-json\/wp\/v2\/media\/3111"}],"wp:attachment":[{"href":"https:\/\/partedepesca.com.ar\/d\/wp-json\/wp\/v2\/media?parent=3108"}],"wp:term":[{"taxonomy":"category","embeddable":true,"href":"https:\/\/partedepesca.com.ar\/d\/wp-json\/wp\/v2\/categories?post=3108"},{"taxonomy":"post_tag","embeddable":true,"href":"https:\/\/partedepesca.com.ar\/d\/wp-json\/wp\/v2\/tags?post=3108"}],"curies":[{"name":"wp","href":"https:\/\/api.w.org\/{rel}","templated":true}]}}