{"id":3103,"date":"2023-09-07T21:11:19","date_gmt":"2023-09-07T21:11:19","guid":{"rendered":"https:\/\/partedepesca.com.ar\/d\/?p=3103"},"modified":"2023-09-19T19:04:49","modified_gmt":"2023-09-19T19:04:49","slug":"ya-suman-20-000-las-toneladas-de-merluza-pescadas-como-fauna-acompanante","status":"publish","type":"post","link":"https:\/\/partedepesca.com.ar\/d\/ya-suman-20-000-las-toneladas-de-merluza-pescadas-como-fauna-acompanante\/","title":{"rendered":"Ya suman 20.000 las toneladas de merluza pescadas como &#8216;fauna acompa\u00f1ante&#8217;"},"content":{"rendered":"\n<p>El INIDEP remiti\u00f3 al Consejo Federal Pesquero el Informe de Asesoramiento y Transferencia N\u00b0 78\/2023 donde presenta los indicadores de la evoluci\u00f3n de la <strong>captura incidental de merluza en la pesquer\u00eda de langostino<\/strong>, y las estimaciones preliminares de bycatch dentro y fuera del <strong>\u00c1rea de Veda Permanente de Juveniles de Merluza (AVPJM) <\/strong>entre el 20 de abril y el 27 de agosto de 2023.\u00a0<\/p>\n\n\n\n<p>\u201cEl valor acumulado de bycatch de merluza estimado al \u00faltimo d\u00eda de ese per\u00edodo fue de <strong>19.839 toneladas<\/strong>\u201d, indican desde del INIDEP. El informe es complementado con una nota que expone los resultados del seguimiento de la pesquer\u00eda desde el 28 de agosto al 3 de septiembre.<\/p>\n\n\n\n<p>La nota expresa que durante dicho per\u00edodo la flota langostinera continu\u00f3 con actividad comercial principalmente por dentro del AVPJM, en las Sub\u00e1reas 6, 8, 12, 15 y 16.<\/p>\n\n\n\n<p><strong>En la Sub\u00e1rea 6, la relaci\u00f3n M\/L fue de 0,26, con una muy elevada presencia de ejemplares juveniles de merluza. En la Sub\u00e1rea 8 esta relaci\u00f3n alcanz\u00f3 el 0,25 y en la 12 fue del 0,37<\/strong>. En las sub\u00e1reas 15 y 16 los valores se mantuvieron dentro de los l\u00edmites establecidos por la normativa.<\/p>\n\n\n\n<p>Por este motivo, se cerr\u00f3 la pesca de langostino en las Sub\u00e1reas 6 y 12 desde el martes pasado y se suspendi\u00f3 la operatoria en la Sub\u00e1rea 8, la cual se reabrir\u00e1 autom\u00e1ticamente el mi\u00e9rcoles 13 de septiembre.<\/p>\n","protected":false},"excerpt":{"rendered":"<p>El INIDEP remiti\u00f3 al Consejo Federal Pesquero el Informe de Asesoramiento y Transferencia N\u00b0 78\/2023 donde presenta los indicadores de la evoluci\u00f3n de la captura incidental de merluza en la pesquer\u00eda de langostino, y las estimaciones preliminares de bycatch dentro y fuera del \u00c1rea de Veda Permanente de Juveniles de Merluza (AVPJM) entre el 20<\/p>\n","protected":false},"author":3,"featured_media":3104,"comment_status":"open","ping_status":"open","sticky":false,"template":"","format":"standard","meta":{"om_disable_all_campaigns":false,"_monsterinsights_skip_tracking":false,"_monsterinsights_sitenote_active":false,"_monsterinsights_sitenote_note":"","_monsterinsights_sitenote_category":0,"footnotes":""},"categories":[9],"tags":[382,91,163,299],"class_list":{"0":"post-3103","1":"post","2":"type-post","3":"status-publish","4":"format-standard","5":"has-post-thumbnail","7":"category-actualidad","8":"tag-bycatch-merluza","9":"tag-featured","10":"tag-inidep","11":"tag-temporada-de-langostino"},"aioseo_notices":[],"amp_enabled":true,"_links":{"self":[{"href":"https:\/\/partedepesca.com.ar\/d\/wp-json\/wp\/v2\/posts\/3103","targetHints":{"allow":["GET"]}}],"collection":[{"href":"https:\/\/partedepesca.com.ar\/d\/wp-json\/wp\/v2\/posts"}],"about":[{"href":"https:\/\/partedepesca.com.ar\/d\/wp-json\/wp\/v2\/types\/post"}],"author":[{"embeddable":true,"href":"https:\/\/partedepesca.com.ar\/d\/wp-json\/wp\/v2\/users\/3"}],"replies":[{"embeddable":true,"href":"https:\/\/partedepesca.com.ar\/d\/wp-json\/wp\/v2\/comments?post=3103"}],"version-history":[{"count":3,"href":"https:\/\/partedepesca.com.ar\/d\/wp-json\/wp\/v2\/posts\/3103\/revisions"}],"predecessor-version":[{"id":3107,"href":"https:\/\/partedepesca.com.ar\/d\/wp-json\/wp\/v2\/posts\/3103\/revisions\/3107"}],"wp:featuredmedia":[{"embeddable":true,"href":"https:\/\/partedepesca.com.ar\/d\/wp-json\/wp\/v2\/media\/3104"}],"wp:attachment":[{"href":"https:\/\/partedepesca.com.ar\/d\/wp-json\/wp\/v2\/media?parent=3103"}],"wp:term":[{"taxonomy":"category","embeddable":true,"href":"https:\/\/partedepesca.com.ar\/d\/wp-json\/wp\/v2\/categories?post=3103"},{"taxonomy":"post_tag","embeddable":true,"href":"https:\/\/partedepesca.com.ar\/d\/wp-json\/wp\/v2\/tags?post=3103"}],"curies":[{"name":"wp","href":"https:\/\/api.w.org\/{rel}","templated":true}]}}