{"id":3040,"date":"2023-08-28T13:30:29","date_gmt":"2023-08-28T13:30:29","guid":{"rendered":"https:\/\/partedepesca.com.ar\/d\/?p=3040"},"modified":"2023-08-30T11:06:36","modified_gmt":"2023-08-30T11:06:36","slug":"calamar-la-falta-de-campanas-de-investigacion-es-la-gran-materia-pendiente","status":"publish","type":"post","link":"https:\/\/partedepesca.com.ar\/d\/calamar-la-falta-de-campanas-de-investigacion-es-la-gran-materia-pendiente\/","title":{"rendered":"Calamar: \u201cLa falta de campa\u00f1as de investigaci\u00f3n es la gran materia pendiente\u201d"},"content":{"rendered":"\n<p>La afirmaci\u00f3n pertenece al presidente de la C\u00e1mara de Armadores de Poteros Argentinos (CAPA), Juan Redini, al evaluar los resultados de la zafra de calamar tras el cierre de la pesquer\u00eda. En declaraciones a <strong>PARTE DE PESCA<\/strong> repas\u00f3 los altibajos que tuvo la flota para hallar el recurso, considerando que el cambio clim\u00e1tico es un factor determinante en tal comportamiento y reiter\u00f3 la necesidad que el INIDEP pueda llevar a cabo las campa\u00f1as de investigaci\u00f3n para tener par\u00e1metros de previsibilidad y no continuar pescando a ciegas.<\/p>\n\n\n\n<p>\u201cLa zafra no empez\u00f3 muy bien, en la zona sur hicimos dos mareas, cuando a\u00f1os anteriores hacemos tres o tres y media. La zona norte arranc\u00f3 muy floja y hasta hubo un parate en junio. Despu\u00e9s pudimos volver a salir e hicimos dos mareas m\u00e1s y nos vino muy bien el calamar que pudimos pescar durante el mes de julio y algunos d\u00edas de agosto\u201d, sintetiz\u00f3 sobre los vaivenes que afrontaron con la incertidumbre inicial.<\/p>\n\n\n\n<p>Con los datos oficiales de captura, al 22 de agosto se contabilizan 149.365 toneladas de la especie Illex, de las cuales 131.937 corresponden a desembarques de la flota potera.<\/p>\n\n\n\n<p>\u201cLa temporada termin\u00f3 siendo buena, en un contexto donde los costos son cada vez mayores. En los \u00faltimos a\u00f1os por suerte el calamar no emigra a la Milla 201, porque nuestro negocio depende mucho de si se pesca o no en la Milla 201, por la sobreoferta que genera en los mercados\u201d, analiz\u00f3 el titular de CAPA. \u201cLo mismo pas\u00f3 en Malvinas que se ha pescado la mitad de lo que ven\u00edan pescando en los \u00faltimos dos a\u00f1os y eso nos vino bien mirado desde la demanda\u201d, subray\u00f3.<\/p>\n\n\n\n<p><strong>CAMBIO CLIM\u00c1TICO<\/strong><\/p>\n\n\n\n<p>Consultado sobre a qu\u00e9 factores atribuyen este comportamiento que ha tenido el recurso, ensay\u00f3 que \u201cla temperatura del agua estuvo a comienzos de a\u00f1o, dos o tres grados m\u00e1s alta que lo habitual, y el calamar no estaba en su zona de confort. El calamar apareci\u00f3 en el norte cuando empez\u00f3 a hacer fr\u00edo y baj\u00f3 la temperatura del agua\u201d, compar\u00f3 al interpretar una variable.<\/p>\n\n\n\n<p>\u201cEntiendo que el tema del cambio clim\u00e1tico tiene un nivel de incidencia muy importante en el recurso. Debemos estar muy atentos porque estos factores pueden alterar nuestro negocio. Este a\u00f1o observamos que el calamar estaba en un lugar y se mov\u00eda muy r\u00e1pido por los cambios de temperatura\u201d, consider\u00f3 el dirigente empresario.<\/p>\n\n\n\n<p><strong>FUERTE CA\u00cdDA DE LA DEMANDA<\/strong><\/p>\n\n\n\n<p>Redini admite que se presenta un escenario complejo en los mercados internacionales. La zafra termin\u00f3 con buenos niveles de captura, pero la comercializaci\u00f3n sigue siendo compleja por los bajos porcentajes de demanda de los mercados a partir de una retracci\u00f3n del consumo.<\/p>\n\n\n\n<p>\u201cTenemos dificultades y nos ocurre algo parecido a lo que pasa con el langostino. Europa no est\u00e1 consumiendo como lo hac\u00eda antes y la demanda es baja\u201d, revel\u00f3.<\/p>\n\n\n\n<figure class=\"wp-block-image size-large\"><a href=\"https:\/\/partedepesca.com.ar\/d\/wp-content\/uploads\/2023\/08\/PARTE-DE-PESCA-poteras.jpg\"><img fetchpriority=\"high\" decoding=\"async\" width=\"1024\" height=\"631\" src=\"https:\/\/partedepesca.com.ar\/d\/wp-content\/uploads\/2023\/08\/PARTE-DE-PESCA-poteras-1024x631.jpg\" alt=\"\" class=\"wp-image-3044\" srcset=\"https:\/\/partedepesca.com.ar\/d\/wp-content\/uploads\/2023\/08\/PARTE-DE-PESCA-poteras-1024x631.jpg 1024w, https:\/\/partedepesca.com.ar\/d\/wp-content\/uploads\/2023\/08\/PARTE-DE-PESCA-poteras-300x185.jpg 300w, https:\/\/partedepesca.com.ar\/d\/wp-content\/uploads\/2023\/08\/PARTE-DE-PESCA-poteras-768x473.jpg 768w, https:\/\/partedepesca.com.ar\/d\/wp-content\/uploads\/2023\/08\/PARTE-DE-PESCA-poteras-1536x946.jpg 1536w, https:\/\/partedepesca.com.ar\/d\/wp-content\/uploads\/2023\/08\/PARTE-DE-PESCA-poteras-150x92.jpg 150w, https:\/\/partedepesca.com.ar\/d\/wp-content\/uploads\/2023\/08\/PARTE-DE-PESCA-poteras-450x277.jpg 450w, https:\/\/partedepesca.com.ar\/d\/wp-content\/uploads\/2023\/08\/PARTE-DE-PESCA-poteras-1200x739.jpg 1200w, https:\/\/partedepesca.com.ar\/d\/wp-content\/uploads\/2023\/08\/PARTE-DE-PESCA-poteras.jpg 1632w\" sizes=\"(max-width: 1024px) 100vw, 1024px\" \/><\/a><\/figure>\n\n\n\n<p>\u201cLos precios siguen estancados. Cuanto tuvimos en parate de la flota, subi\u00f3 un poco, porque hab\u00eda menos oferta, pero despu\u00e9s volvi\u00f3 a bajar. Hoy a Europa se est\u00e1 vendiendo muy poco\u201d, insisti\u00f3 respecto a c\u00f3mo se vienen comportando los mercados tradicionales de colocaci\u00f3n de la pota argentina.<\/p>\n\n\n\n<p>\u201cAntes m\u00e1s del 50 por ciento de las ventas se iban a Espa\u00f1a e Italia, pero eso no ocurre ahora. La inflaci\u00f3n que tiene la econom\u00eda dom\u00e9stica europea hace es haya menos consumo, pero tambi\u00e9n la guerra afect\u00f3 mucho esos mercados\u201d, interpreto.<\/p>\n\n\n\n<p><strong>ESCOLLOS PARA LA CERTIFICACI\u00d3N<\/strong><\/p>\n\n\n\n<p>Este a\u00f1o volvi\u00f3 a cancelarse la campa\u00f1a de investigaci\u00f3n que deb\u00eda realizarse en el mes de marzo, y en la Comisi\u00f3n de Seguimiento del Calamar, el sector empresario enfatiz\u00f3 su preocupaci\u00f3n por la falta de informaci\u00f3n cient\u00edfica y biol\u00f3gica del recurso, y reclam\u00f3 a la administraci\u00f3n pesquera que se d\u00e9 prioridad a estos estudios.<\/p>\n\n\n\n<p>\u201cLa falta de campa\u00f1as de investigaci\u00f3n es la gran materia pendiente. Es algo que lo venimos planteando a\u00f1o a a\u00f1o porque la verdad que es muy dif\u00edcil trabajar a ciegas\u201d, lament\u00f3 Juan Redini ante los inconvenientes que expone el INIDEP sobre la rotura de los barcos de investigaci\u00f3n o complicaciones operativas.<\/p>\n\n\n\n<p>\u201cEstamos en proceso de certificaci\u00f3n de la pesquer\u00eda de calamar y necesitamos que se hagan estas campa\u00f1as de investigaci\u00f3n para poder avanzar\u201d, concluy\u00f3.<\/p>\n","protected":false},"excerpt":{"rendered":"<p>La afirmaci\u00f3n pertenece al presidente de la C\u00e1mara de Armadores de Poteros Argentinos (CAPA), Juan Redini, al evaluar los resultados de la zafra de calamar tras el cierre de la pesquer\u00eda. En declaraciones a PARTE DE PESCA repas\u00f3 los altibajos que tuvo la flota para hallar el recurso, considerando que el cambio clim\u00e1tico es un<\/p>\n","protected":false},"author":3,"featured_media":3042,"comment_status":"open","ping_status":"open","sticky":false,"template":"","format":"standard","meta":{"om_disable_all_campaigns":false,"_monsterinsights_skip_tracking":false,"_monsterinsights_sitenote_active":false,"_monsterinsights_sitenote_note":"","_monsterinsights_sitenote_category":0,"footnotes":""},"categories":[9],"tags":[219,204,91,163,386],"class_list":{"0":"post-3040","1":"post","2":"type-post","3":"status-publish","4":"format-standard","5":"has-post-thumbnail","7":"category-actualidad","8":"tag-calamar-illex","9":"tag-capa","10":"tag-featured","11":"tag-inidep","12":"tag-juan-redini"},"aioseo_notices":[],"amp_enabled":true,"_links":{"self":[{"href":"https:\/\/partedepesca.com.ar\/d\/wp-json\/wp\/v2\/posts\/3040","targetHints":{"allow":["GET"]}}],"collection":[{"href":"https:\/\/partedepesca.com.ar\/d\/wp-json\/wp\/v2\/posts"}],"about":[{"href":"https:\/\/partedepesca.com.ar\/d\/wp-json\/wp\/v2\/types\/post"}],"author":[{"embeddable":true,"href":"https:\/\/partedepesca.com.ar\/d\/wp-json\/wp\/v2\/users\/3"}],"replies":[{"embeddable":true,"href":"https:\/\/partedepesca.com.ar\/d\/wp-json\/wp\/v2\/comments?post=3040"}],"version-history":[{"count":2,"href":"https:\/\/partedepesca.com.ar\/d\/wp-json\/wp\/v2\/posts\/3040\/revisions"}],"predecessor-version":[{"id":3045,"href":"https:\/\/partedepesca.com.ar\/d\/wp-json\/wp\/v2\/posts\/3040\/revisions\/3045"}],"wp:featuredmedia":[{"embeddable":true,"href":"https:\/\/partedepesca.com.ar\/d\/wp-json\/wp\/v2\/media\/3042"}],"wp:attachment":[{"href":"https:\/\/partedepesca.com.ar\/d\/wp-json\/wp\/v2\/media?parent=3040"}],"wp:term":[{"taxonomy":"category","embeddable":true,"href":"https:\/\/partedepesca.com.ar\/d\/wp-json\/wp\/v2\/categories?post=3040"},{"taxonomy":"post_tag","embeddable":true,"href":"https:\/\/partedepesca.com.ar\/d\/wp-json\/wp\/v2\/tags?post=3040"}],"curies":[{"name":"wp","href":"https:\/\/api.w.org\/{rel}","templated":true}]}}