{"id":3026,"date":"2023-08-25T22:10:00","date_gmt":"2023-08-25T22:10:00","guid":{"rendered":"https:\/\/partedepesca.com.ar\/d\/?p=3026"},"modified":"2023-08-28T13:30:58","modified_gmt":"2023-08-28T13:30:58","slug":"la-flota-de-iberconsa-esta-operativa-capitanes-no-concreto-el-paro","status":"publish","type":"post","link":"https:\/\/partedepesca.com.ar\/d\/la-flota-de-iberconsa-esta-operativa-capitanes-no-concreto-el-paro\/","title":{"rendered":"La flota de Iberconsa est\u00e1 operativa, Capitanes no concret\u00f3 el paro"},"content":{"rendered":"\n<p>La Asociaci\u00f3n Argentina de Capitanes que dirige Jorge Fr\u00edas amag\u00f3 con paralizar la flota congeladora de la empresa Iberconsa de Argentina, pero finalmente nada de eso ocurri\u00f3. Los barcos no fueron demorados en sus despachos y est\u00e1n en operaciones.<\/p>\n\n\n\n<p>De acuerdo a lo informado por la Asociaci\u00f3n Argentina de Capitanes, Pilotos y Patrones de Pesca, la medida fue tomada por incumplimiento del Convenio Colectivo de Trabajo suscripto por la C\u00e1mara Argentina Patag\u00f3nica de Industrias Pesqueras (CAPIP).<\/p>\n\n\n\n<p>Mientras que fuentes calificadas de la compa\u00f1\u00eda indicaron a <strong>PARTE DE PESCA<\/strong> que \u201cpodemos demostrar que estamos pagando por encima del convenio\u201d.<\/p>\n\n\n\n<p>La empresa convoc\u00f3 a una reuni\u00f3n para el pr\u00f3ximo lunes 28 de agosto, en Buenos Aires, para tratar de destrabar el conflicto, donde cada uno expondr\u00e1n sus posiciones. Las partes estiman que en el encuentro de la semana venidera se zanjar\u00e1n las diferencias y se descomprimir\u00eda la situaci\u00f3n.<\/p>\n","protected":false},"excerpt":{"rendered":"<p>La Asociaci\u00f3n Argentina de Capitanes que dirige Jorge Fr\u00edas amag\u00f3 con paralizar la flota congeladora de la empresa Iberconsa de Argentina, pero finalmente nada de eso ocurri\u00f3. Los barcos no fueron demorados en sus despachos y est\u00e1n en operaciones. De acuerdo a lo informado por la Asociaci\u00f3n Argentina de Capitanes, Pilotos y Patrones de Pesca,<\/p>\n","protected":false},"author":3,"featured_media":3027,"comment_status":"open","ping_status":"open","sticky":false,"template":"","format":"standard","meta":{"om_disable_all_campaigns":false,"_monsterinsights_skip_tracking":false,"_monsterinsights_sitenote_active":false,"_monsterinsights_sitenote_note":"","_monsterinsights_sitenote_category":0,"footnotes":""},"categories":[9],"tags":[384,91,252],"class_list":{"0":"post-3026","1":"post","2":"type-post","3":"status-publish","4":"format-standard","5":"has-post-thumbnail","7":"category-actualidad","8":"tag-asociacion-argentina-de-capitanes","9":"tag-featured","10":"tag-iberconsa"},"aioseo_notices":[],"amp_enabled":true,"_links":{"self":[{"href":"https:\/\/partedepesca.com.ar\/d\/wp-json\/wp\/v2\/posts\/3026","targetHints":{"allow":["GET"]}}],"collection":[{"href":"https:\/\/partedepesca.com.ar\/d\/wp-json\/wp\/v2\/posts"}],"about":[{"href":"https:\/\/partedepesca.com.ar\/d\/wp-json\/wp\/v2\/types\/post"}],"author":[{"embeddable":true,"href":"https:\/\/partedepesca.com.ar\/d\/wp-json\/wp\/v2\/users\/3"}],"replies":[{"embeddable":true,"href":"https:\/\/partedepesca.com.ar\/d\/wp-json\/wp\/v2\/comments?post=3026"}],"version-history":[{"count":3,"href":"https:\/\/partedepesca.com.ar\/d\/wp-json\/wp\/v2\/posts\/3026\/revisions"}],"predecessor-version":[{"id":3030,"href":"https:\/\/partedepesca.com.ar\/d\/wp-json\/wp\/v2\/posts\/3026\/revisions\/3030"}],"wp:featuredmedia":[{"embeddable":true,"href":"https:\/\/partedepesca.com.ar\/d\/wp-json\/wp\/v2\/media\/3027"}],"wp:attachment":[{"href":"https:\/\/partedepesca.com.ar\/d\/wp-json\/wp\/v2\/media?parent=3026"}],"wp:term":[{"taxonomy":"category","embeddable":true,"href":"https:\/\/partedepesca.com.ar\/d\/wp-json\/wp\/v2\/categories?post=3026"},{"taxonomy":"post_tag","embeddable":true,"href":"https:\/\/partedepesca.com.ar\/d\/wp-json\/wp\/v2\/tags?post=3026"}],"curies":[{"name":"wp","href":"https:\/\/api.w.org\/{rel}","templated":true}]}}