{"id":2971,"date":"2023-08-11T19:08:40","date_gmt":"2023-08-11T19:08:40","guid":{"rendered":"https:\/\/partedepesca.com.ar\/d\/?p=2971"},"modified":"2023-08-16T05:02:11","modified_gmt":"2023-08-16T05:02:11","slug":"el-sabado-habilitan-la-pesqueria-de-langostino-en-las-subareas-4-y-9","status":"publish","type":"post","link":"https:\/\/partedepesca.com.ar\/d\/el-sabado-habilitan-la-pesqueria-de-langostino-en-las-subareas-4-y-9\/","title":{"rendered":"Habilitaron el ingreso de la flota tangonera a las Sub\u00e1reas 4 y 9"},"content":{"rendered":"\n<p>A partir de este s\u00e1bado 12 de agosto se autoriz\u00f3 el ingreso de la flota comercial a las Sub\u00e1reas 4 y 9 a partir de las recomendaciones del INIDEP tras completarse la prospecci\u00f3n en esos sectores, al tiempo que se contin\u00faa con el relevamiento en la Sub\u00e1rea 5. Con esta nueva habilitaci\u00f3n quedan siete sub\u00e1reas abiertas dentro del \u00c1rea de Veda Permanente de Juveniles de Merluza.<\/p>\n\n\n\n<p>La Direcci\u00f3n de Coordinaci\u00f3n y Fiscalizaci\u00f3n Pesquera comunic\u00f3 este viernes a la Prefectura Naval que se ha dispuesto la habilitaci\u00f3n a la pesca comercial de Langostino (Pleoticus Muelleri) en la Sub-\u00e1rea N\u00b0 4, delimitada entre los paralelos 42\u00b000\u2019 y 43\u00b000\u2019 S y los meridianos 61\u00b000\u2019 y 62\u00b000\u2019 O y Sub\u00e1rea N\u00b0 9, delimitada entre los paralelos 43\u00b000&#8242; y 44\u00b000&#8242; S y los meridianos 60\u00b000&#8242; y 61\u00b000&#8242; O, dentro del \u00c1rea de Veda Permanente de Juveniles de Merluza (AVPJM), con un horario de comienzo de las operaciones de pesca a partir de las 7:00 horas.<\/p>\n\n\n\n<p>Por su parte, con respecto a la Prospecci\u00f3n de Langostino (Pleoticus muelleri) en la Sub-\u00e1rea N\u00b0 5, delimitada entre los paralelos 42\u00b000&#8242; y 43\u00b000&#8242; S y los meridianos 60\u00b000&#8242; y 61\u00b000&#8242; O, se hace saber que la misma continuar\u00e1 su curso cuando finalicen las condiciones meteorol\u00f3gicas adversas en dicha zona, dado que se espera la concreci\u00f3n de un tercer d\u00eda como m\u00ednimo para que el INIDEP emita una opini\u00f3n t\u00e9cnica.<\/p>\n\n\n\n<p><strong>DISPERSI\u00d3N DE LAS CONCENTRACIONES<\/strong><\/p>\n\n\n\n<p>El Consejo Federal Pesquero analiz\u00f3 resultados del seguimiento de la pesca de langostino en aguas nacionales, para el per\u00edodo que va del 21 de julio hasta el 6 de agosto del a\u00f1o en curso.<\/p>\n\n\n\n<p>El informe del INIDEP expresa que los indicadores biol\u00f3gico-pesqueros son \u00f3ptimos para la especie objetivo y que los resultados obtenidos hasta el momento indican la dispersi\u00f3n de las concentraciones de langostino por toda el \u00e1rea de distribuci\u00f3n, producto de la din\u00e1mica de la flota y de la presencia de merluza.&nbsp; Respecto de los indicadores biol\u00f3gico \u2013 pesqueros, el informe se\u00f1ala que en todas las sub\u00e1reas habilitadas a la pesca se obtuvieron rendimientos promedio superiores a los 1200 kg\/h, con excepci\u00f3n de la Sub\u00e1rea 1 en la que pr\u00e1cticamente no se detect\u00f3 la presencia de langostino.<\/p>\n\n\n\n<p><strong>EJEMPLARES ADULTOS<\/strong><\/p>\n\n\n\n<p>El m\u00e1ximo rendimiento alcanzado (3.474 kg\/h) se registr\u00f3 en la Sub\u00e1rea 14, en donde los barcos operaron luego de la suspensi\u00f3n a la pesca comercial en las Sub\u00e1reas 7 y 8. Tambi\u00e9n en la Sub\u00e1rea 14 se dieron las mejores capturas diarias con un valor promedio por barco de 16.409 kg.<\/p>\n\n\n\n<p>En cuanto a los tama\u00f1os de los langostinos capturados, se destacan los altos porcentajes de ejemplares adultos registrados en todas las sub\u00e1reas, representados principalmente por las categor\u00edas comerciales L1 y L2, y, consecuentemente, los bajos porcentajes de ejemplares L4 y menores.<\/p>\n","protected":false},"excerpt":{"rendered":"<p>A partir de este s\u00e1bado 12 de agosto se autoriz\u00f3 el ingreso de la flota comercial a las Sub\u00e1reas 4 y 9 a partir de las recomendaciones del INIDEP tras completarse la prospecci\u00f3n en esos sectores, al tiempo que se contin\u00faa con el relevamiento en la Sub\u00e1rea 5. Con esta nueva habilitaci\u00f3n quedan siete sub\u00e1reas<\/p>\n","protected":false},"author":3,"featured_media":2972,"comment_status":"open","ping_status":"open","sticky":false,"template":"","format":"standard","meta":{"om_disable_all_campaigns":false,"_monsterinsights_skip_tracking":false,"_monsterinsights_sitenote_active":false,"_monsterinsights_sitenote_note":"","_monsterinsights_sitenote_category":0,"footnotes":""},"categories":[9],"tags":[91],"class_list":{"0":"post-2971","1":"post","2":"type-post","3":"status-publish","4":"format-standard","5":"has-post-thumbnail","7":"category-actualidad","8":"tag-featured"},"aioseo_notices":[],"amp_enabled":true,"_links":{"self":[{"href":"https:\/\/partedepesca.com.ar\/d\/wp-json\/wp\/v2\/posts\/2971","targetHints":{"allow":["GET"]}}],"collection":[{"href":"https:\/\/partedepesca.com.ar\/d\/wp-json\/wp\/v2\/posts"}],"about":[{"href":"https:\/\/partedepesca.com.ar\/d\/wp-json\/wp\/v2\/types\/post"}],"author":[{"embeddable":true,"href":"https:\/\/partedepesca.com.ar\/d\/wp-json\/wp\/v2\/users\/3"}],"replies":[{"embeddable":true,"href":"https:\/\/partedepesca.com.ar\/d\/wp-json\/wp\/v2\/comments?post=2971"}],"version-history":[{"count":4,"href":"https:\/\/partedepesca.com.ar\/d\/wp-json\/wp\/v2\/posts\/2971\/revisions"}],"predecessor-version":[{"id":2978,"href":"https:\/\/partedepesca.com.ar\/d\/wp-json\/wp\/v2\/posts\/2971\/revisions\/2978"}],"wp:featuredmedia":[{"embeddable":true,"href":"https:\/\/partedepesca.com.ar\/d\/wp-json\/wp\/v2\/media\/2972"}],"wp:attachment":[{"href":"https:\/\/partedepesca.com.ar\/d\/wp-json\/wp\/v2\/media?parent=2971"}],"wp:term":[{"taxonomy":"category","embeddable":true,"href":"https:\/\/partedepesca.com.ar\/d\/wp-json\/wp\/v2\/categories?post=2971"},{"taxonomy":"post_tag","embeddable":true,"href":"https:\/\/partedepesca.com.ar\/d\/wp-json\/wp\/v2\/tags?post=2971"}],"curies":[{"name":"wp","href":"https:\/\/api.w.org\/{rel}","templated":true}]}}