{"id":2952,"date":"2023-08-07T11:11:00","date_gmt":"2023-08-07T11:11:00","guid":{"rendered":"https:\/\/partedepesca.com.ar\/d\/?p=2952"},"modified":"2023-08-08T21:34:53","modified_gmt":"2023-08-08T21:34:53","slug":"no-nos-sentimos-respaldados-por-la-justicia-afirma-la-familia-del-marinero-desaparecido","status":"publish","type":"post","link":"https:\/\/partedepesca.com.ar\/d\/no-nos-sentimos-respaldados-por-la-justicia-afirma-la-familia-del-marinero-desaparecido\/","title":{"rendered":"\u201cNo nos sentimos respaldados por la Justicia\u201d, afirma la familia del marinero desaparecido"},"content":{"rendered":"\n<p>A poco de cumplirse un mes de la desaparici\u00f3n del tripulante Jos\u00e9 Gabriel Ferreyra a bordo del buque pesquero Nuevo Viento, los familiares del marinero oriundo de Necochea, volvieron a cuestionar el curso de la investigaci\u00f3n judicial al tiempo que reiteraron el pedido para que prosiga la b\u00fasqueda.<\/p>\n\n\n\n<p>El 15 de julio, Ferreyra fue visto por \u00faltima vez por sus compa\u00f1eros alrededor de las 7 de la ma\u00f1ana, pero reci\u00e9n pasadas las 13 horas se dieron cuenta que no estaba en el barco. Esa versi\u00f3n les genera dudas a los allegados al marinero desaparecido y sostienen que la Justicia Federal de Rawson no profundiz\u00f3 respecto a qu\u00e9 pudo haber ocurrido a bordo de la embarcaci\u00f3n.<\/p>\n\n\n\n<p>\u201cEse d\u00eda nos enteramos por un amigo de mi hermano que nos dio aviso\u201d, record\u00f3 Sim\u00f3n Ferreyra en cuanto a la forma en que se anoticiaron de la desaparici\u00f3n. \u201cDespu\u00e9s se hizo presente el due\u00f1o de la empresa Pablo Esteban Ciccolella quien nos recomend\u00f3 que no viaj\u00e1ramos a Puerto Madryn\u201d, cont\u00f3 sobre aquel d\u00eda s\u00e1bado 15 de julio.<\/p>\n\n\n<div class=\"wp-block-image\">\n<figure class=\"aligncenter size-full\"><a href=\"https:\/\/partedepesca.com.ar\/d\/wp-content\/uploads\/2023\/08\/hermanos-Ferreyra.jpg\"><img fetchpriority=\"high\" decoding=\"async\" width=\"900\" height=\"600\" src=\"https:\/\/partedepesca.com.ar\/d\/wp-content\/uploads\/2023\/08\/hermanos-Ferreyra.jpg\" alt=\"\" class=\"wp-image-2953\" srcset=\"https:\/\/partedepesca.com.ar\/d\/wp-content\/uploads\/2023\/08\/hermanos-Ferreyra.jpg 900w, https:\/\/partedepesca.com.ar\/d\/wp-content\/uploads\/2023\/08\/hermanos-Ferreyra-300x200.jpg 300w, https:\/\/partedepesca.com.ar\/d\/wp-content\/uploads\/2023\/08\/hermanos-Ferreyra-768x512.jpg 768w, https:\/\/partedepesca.com.ar\/d\/wp-content\/uploads\/2023\/08\/hermanos-Ferreyra-150x100.jpg 150w, https:\/\/partedepesca.com.ar\/d\/wp-content\/uploads\/2023\/08\/hermanos-Ferreyra-450x300.jpg 450w\" sizes=\"(max-width: 900px) 100vw, 900px\" \/><\/a><figcaption class=\"wp-element-caption\">Foto: Facundo Perrotta &#8211; Ecos Diarios Necochea<\/figcaption><\/figure>\n<\/div>\n\n\n<p>El barco Nuevo Viento regres\u00f3 a puerto cinco d\u00edas despu\u00e9s donde se les tom\u00f3 declaraci\u00f3n testimonial a los tripulantes, se hizo una requisa de la embarcaci\u00f3n, secuestraron los tel\u00e9fonos celulares, aunque no se realiz\u00f3 ninguna imputaci\u00f3n a nadie, ya que el juez federal Gustavo Lleral abona la teor\u00eda que el marinero cay\u00f3 al mar a causa de una ola.<\/p>\n\n\n\n<p>\u201cNo se les hizo pericias toxicol\u00f3gicas a los tripulantes. No entendemos c\u00f3mo en un lapso de siete horas no supieron nada de mi hermano, siendo que al ser primer pescador est\u00e1 a cargo de las personas que trabajan, da las ordenes al momento de realizar cada tarea, por eso no entendemos c\u00f3mo no se dieron cuenta que no estaba\u201d, argument\u00f3 Sim\u00f3n Ferreyra al plantear interrogantes sobre lo acontecido.<\/p>\n\n\n\n<p>Por otra parte, dijo respecto del capit\u00e1n del barco H\u00e9ctor Chazarreta que \u201cnos enteramos que tiene otras desapariciones de tripulantes en diferentes buques\u201d. Adem\u00e1s, cit\u00f3 otros episodios similares de \u2018hombre al agua\u2019 a bordo del pesquero Nuevo Viento en 2019 y 2020.<\/p>\n\n\n\n<p>\u201cComo hermano no estoy queriendo encontrar un culpable, sino que se sepa la verdad de lo sucedido, y que se investigue a fondo\u201d, reflexion\u00f3 al tiempo de hacer un llamado \u201cal juez Gustavo Lleral que si no va a tomar en serio la b\u00fasqueda que se declare incompetente. Hay cosas que todav\u00eda no se investigaron. Esto se tom\u00f3 como un accidente laboral sin saber lo que sucedi\u00f3. Pedimos que la b\u00fasqueda contin\u00fae. Hay una familia que est\u00e1 quebrada y hoy no nos sentimos respaldados por la Justicia\u201d, plante\u00f3 al reclamar \u201cque se vaya a fondo\u201d.<\/p>\n","protected":false},"excerpt":{"rendered":"<p>A poco de cumplirse un mes de la desaparici\u00f3n del tripulante Jos\u00e9 Gabriel Ferreyra a bordo del buque pesquero Nuevo Viento, los familiares del marinero oriundo de Necochea, volvieron a cuestionar el curso de la investigaci\u00f3n judicial al tiempo que reiteraron el pedido para que prosiga la b\u00fasqueda. El 15 de julio, Ferreyra fue visto<\/p>\n","protected":false},"author":3,"featured_media":2956,"comment_status":"open","ping_status":"open","sticky":false,"template":"","format":"standard","meta":{"om_disable_all_campaigns":false,"_monsterinsights_skip_tracking":false,"_monsterinsights_sitenote_active":false,"_monsterinsights_sitenote_note":"","_monsterinsights_sitenote_category":0,"footnotes":""},"categories":[9],"tags":[365,91,366],"class_list":{"0":"post-2952","1":"post","2":"type-post","3":"status-publish","4":"format-standard","5":"has-post-thumbnail","7":"category-actualidad","8":"tag-bp-nuevo-viento","9":"tag-featured","10":"tag-jose-gabriel-ferreyra"},"aioseo_notices":[],"amp_enabled":true,"_links":{"self":[{"href":"https:\/\/partedepesca.com.ar\/d\/wp-json\/wp\/v2\/posts\/2952","targetHints":{"allow":["GET"]}}],"collection":[{"href":"https:\/\/partedepesca.com.ar\/d\/wp-json\/wp\/v2\/posts"}],"about":[{"href":"https:\/\/partedepesca.com.ar\/d\/wp-json\/wp\/v2\/types\/post"}],"author":[{"embeddable":true,"href":"https:\/\/partedepesca.com.ar\/d\/wp-json\/wp\/v2\/users\/3"}],"replies":[{"embeddable":true,"href":"https:\/\/partedepesca.com.ar\/d\/wp-json\/wp\/v2\/comments?post=2952"}],"version-history":[{"count":2,"href":"https:\/\/partedepesca.com.ar\/d\/wp-json\/wp\/v2\/posts\/2952\/revisions"}],"predecessor-version":[{"id":2957,"href":"https:\/\/partedepesca.com.ar\/d\/wp-json\/wp\/v2\/posts\/2952\/revisions\/2957"}],"wp:featuredmedia":[{"embeddable":true,"href":"https:\/\/partedepesca.com.ar\/d\/wp-json\/wp\/v2\/media\/2956"}],"wp:attachment":[{"href":"https:\/\/partedepesca.com.ar\/d\/wp-json\/wp\/v2\/media?parent=2952"}],"wp:term":[{"taxonomy":"category","embeddable":true,"href":"https:\/\/partedepesca.com.ar\/d\/wp-json\/wp\/v2\/categories?post=2952"},{"taxonomy":"post_tag","embeddable":true,"href":"https:\/\/partedepesca.com.ar\/d\/wp-json\/wp\/v2\/tags?post=2952"}],"curies":[{"name":"wp","href":"https:\/\/api.w.org\/{rel}","templated":true}]}}