{"id":2910,"date":"2023-07-29T23:07:05","date_gmt":"2023-07-29T23:07:05","guid":{"rendered":"https:\/\/partedepesca.com.ar\/d\/?p=2910"},"modified":"2023-08-02T01:42:48","modified_gmt":"2023-08-02T01:42:48","slug":"por-mal-tiempo-postergan-el-inicio-de-la-prospeccion","status":"publish","type":"post","link":"https:\/\/partedepesca.com.ar\/d\/por-mal-tiempo-postergan-el-inicio-de-la-prospeccion\/","title":{"rendered":"Por mal tiempo postergan el inicio de la prospecci\u00f3n"},"content":{"rendered":"\n<p>Este lunes 31 de julio deb\u00eda comenzar una prospecci\u00f3n de langostino en las Sub\u00e1reas 4, 5 y 9 con un total de quince buques tangoneros, pero las actuales condiciones clim\u00e1ticas en zona de pesca y el pron\u00f3stico extendido hizo que la Direcci\u00f3n Nacional de Coordinaci\u00f3n Pesquera dispusiera que el inicio del relevamiento sea el domingo 6 de agosto.<\/p>\n\n\n\n<p>En este momento, gran parte de la flota se puso a resguardo a la espera que mejoren las condiciones, mientras otros buques permanecen en zona de pesca.<\/p>\n\n\n\n<p>Cabe recordar que, el Instituto Nacional de Investigaci\u00f3n y Desarrollo Pesquero (INIDEP) elabor\u00f3 el \u201cPlan de Prospecci\u00f3n\u201d en tres sub\u00e1reas de manera simult\u00e1nea.<\/p>\n\n\n\n<p>Se trata de la Sub-\u00e1rea N\u00b0 4: delimitada entre los paralelos 42\u00b000\u2019 y 43\u00b000\u2019 S y los meridianos 61\u00b000\u2019 y 62\u00b000\u2019 O. Sub-\u00e1rea N\u00b0 5: delimitada entre los paralelos 42\u00b000&#8242; y 43\u00b000&#8242; S y los meridianos 60\u00b000&#8242; y 61\u00b000&#8242; O. Como as\u00ed tambi\u00e9n la Sub-\u00e1rea N\u00b0 9: delimitada entre los paralelos 43\u00b000&#8242; y 44\u00b000&#8242; S y los meridianos 60\u00b000&#8242; y 61\u00b000&#8242; O.<\/p>\n\n\n\n<p>La duraci\u00f3n de la prospecci\u00f3n, a partir del 6 de agosto, ser\u00e1 de cuatro (4) d\u00edas efectivos de pesca para los buques congeladores y tres (3) d\u00edas efectivos de pesca para el buque fresquero.<\/p>\n\n\n\n<p>Al Sub\u00e1rea N\u00b0 4 ingresar\u00e1n los congeladores: Vieirasa Quince (MN 0179); API VIII (MN 03188); Arbumasa XVI (MN 0215); Arbumasa XVIII (MN 0217) y el Juan \u00c1lvarez (MN 0619).<\/p>\n\n\n\n<p>En tanto, prospectar\u00e1n el Sub\u00e1rea N\u00b0 5 los barcos: Fiexa (MN 0529) el \u00fanico fresquero en este monitoreo; y los congeladores tangoneros: Bah\u00eda Desvelos (MN 0665); Myrdoma F (MN 02771), Fernando \u00c1lvarez (MN 013) y Argenova II (MN 02177).<\/p>\n\n\n\n<p>Por su parte, en la Sub\u00e1rea N\u00b0 9 entrar\u00e1n los buques congeladores: Mar Mar\u00eda (MN 02960); Yenu (MN 0498); Xeistosi\u00f1o (MN 0403); Argenova XXIV (MN 02752) y el Mar\u00eda Eugenia (MN 01173).<\/p>\n","protected":false},"excerpt":{"rendered":"<p>Este lunes 31 de julio deb\u00eda comenzar una prospecci\u00f3n de langostino en las Sub\u00e1reas 4, 5 y 9 con un total de quince buques tangoneros, pero las actuales condiciones clim\u00e1ticas en zona de pesca y el pron\u00f3stico extendido hizo que la Direcci\u00f3n Nacional de Coordinaci\u00f3n Pesquera dispusiera que el inicio del relevamiento sea el domingo<\/p>\n","protected":false},"author":3,"featured_media":2911,"comment_status":"open","ping_status":"open","sticky":false,"template":"","format":"standard","meta":{"om_disable_all_campaigns":false,"_monsterinsights_skip_tracking":false,"_monsterinsights_sitenote_active":false,"_monsterinsights_sitenote_note":"","_monsterinsights_sitenote_category":0,"footnotes":""},"categories":[9],"tags":[91],"class_list":{"0":"post-2910","1":"post","2":"type-post","3":"status-publish","4":"format-standard","5":"has-post-thumbnail","7":"category-actualidad","8":"tag-featured"},"aioseo_notices":[],"amp_enabled":true,"_links":{"self":[{"href":"https:\/\/partedepesca.com.ar\/d\/wp-json\/wp\/v2\/posts\/2910","targetHints":{"allow":["GET"]}}],"collection":[{"href":"https:\/\/partedepesca.com.ar\/d\/wp-json\/wp\/v2\/posts"}],"about":[{"href":"https:\/\/partedepesca.com.ar\/d\/wp-json\/wp\/v2\/types\/post"}],"author":[{"embeddable":true,"href":"https:\/\/partedepesca.com.ar\/d\/wp-json\/wp\/v2\/users\/3"}],"replies":[{"embeddable":true,"href":"https:\/\/partedepesca.com.ar\/d\/wp-json\/wp\/v2\/comments?post=2910"}],"version-history":[{"count":1,"href":"https:\/\/partedepesca.com.ar\/d\/wp-json\/wp\/v2\/posts\/2910\/revisions"}],"predecessor-version":[{"id":2912,"href":"https:\/\/partedepesca.com.ar\/d\/wp-json\/wp\/v2\/posts\/2910\/revisions\/2912"}],"wp:featuredmedia":[{"embeddable":true,"href":"https:\/\/partedepesca.com.ar\/d\/wp-json\/wp\/v2\/media\/2911"}],"wp:attachment":[{"href":"https:\/\/partedepesca.com.ar\/d\/wp-json\/wp\/v2\/media?parent=2910"}],"wp:term":[{"taxonomy":"category","embeddable":true,"href":"https:\/\/partedepesca.com.ar\/d\/wp-json\/wp\/v2\/categories?post=2910"},{"taxonomy":"post_tag","embeddable":true,"href":"https:\/\/partedepesca.com.ar\/d\/wp-json\/wp\/v2\/tags?post=2910"}],"curies":[{"name":"wp","href":"https:\/\/api.w.org\/{rel}","templated":true}]}}