{"id":2887,"date":"2023-07-24T10:37:56","date_gmt":"2023-07-24T10:37:56","guid":{"rendered":"https:\/\/partedepesca.com.ar\/d\/?p=2887"},"modified":"2023-07-27T23:05:08","modified_gmt":"2023-07-27T23:05:08","slug":"ignacio-torres-anuncio-que-revocara-los-nuevos-permisos-de-pesca","status":"publish","type":"post","link":"https:\/\/partedepesca.com.ar\/d\/ignacio-torres-anuncio-que-revocara-los-nuevos-permisos-de-pesca\/","title":{"rendered":"Ignacio Torres anunci\u00f3 que revocar\u00e1 los nuevos permisos de pesca de Chubut"},"content":{"rendered":"\n<p>El senador nacional y candidato a la gobernaci\u00f3n de Chubut por Juntos por el Cambio, Ignacio \u201cNacho\u201d Torres, se pronunci\u00f3 sobre lo que har\u00e1 en materia pesquera en caso de acceder a la conducci\u00f3n de la administraci\u00f3n provincial. Aport\u00f3 definiciones sobre el perfil que le dar\u00e1 a las pol\u00edticas pesqueras y confirm\u00f3 que revisar\u00e1 la reciente ley aprobada, como tambi\u00e9n el otorgamiento de nuevas licencias para su posterior licitaci\u00f3n. Cuestion\u00f3 la \u201cfalta de claridad y transparencia\u201d en el reparto de esos permisos.<\/p>\n\n\n\n<p>A menos de una semana de las elecciones, Torres dijo en declaraciones a <strong>PARTE DE PESCA<\/strong> que \u201cen mi gobierno, la pesca va a tener un rol central, es necesario armar una mesa sectorial donde confluyan el Estado, el empresariado y sindicatos para plantear una agenda de desarrollo que apunte a la competitividad\u201d, mencion\u00f3.<\/p>\n\n\n\n<p>El candidato a gobernador de JxC sostuvo que \u201cse necesita ser competitivos para poder agregar valor a los recursos, sin aumentar el esfuerzo pesquero, y ese es el gran desaf\u00edo que queremos plantear en el corto plazo\u201d, dijo.<\/p>\n\n\n\n<p>En la actualidad la mayor parte del langostino cola que se exporta desde Chubut sale en bloque para su reprocesamiento en el exterior. \u201cPara agregarle valor al recurso hay que generar condiciones que hagan competitivo al sector, sino pasa esto que se lleva afuera para reprocesar\u201d, ejemplific\u00f3.<\/p>\n\n\n\n<p><strong>GENERACI\u00d3N DE M\u00c1S EMPLEO<\/strong><\/p>\n\n\n\n<p>La industria pesquera es el tercer complejo exportador de Chubut, cuenta con 42 plantas de procesamiento, alrededor de 12 mil empleos directos e indirectos, por lo que es uno de los pilares de la econom\u00eda provincial.<\/p>\n\n\n\n<p>\u201cOtro de los problemas que enfrenta el sector, tiene ver con la macro, hay un d\u00f3lar muy retrasado, y es un problema para toda provincia exportadora como la nuestra, y creo que en alg\u00fan momento habr\u00e1 un sinceramiento cambiario\u201d, avizor\u00f3.<\/p>\n\n\n\n<p>\u201cLa pesca tiene a\u00fan un gran potencial de desarrollo y de mayor generaci\u00f3n de empleo que hoy no se aprovecha por variables que son un cuello de botella y atentan contra la competitividad. Hay que armar un espacio de di\u00e1logo entre el privado y los gremios, donde el Estado tiene que tener un rol articulador\u201d, sugiri\u00f3 el senador Ignacio Torres.<\/p>\n\n\n\n<p><strong>DIVERSIFICACI\u00d3N<\/strong><\/p>\n\n\n\n<p>Por otra parte, el dirigente de Juntos por el Cambio sostuvo que \u201ctambi\u00e9n se debe pensar en la diversificaci\u00f3n. Hoy la industria se recuesta en la bonanza del langostino, pero siendo competitivos podemos pensar en mayor producci\u00f3n de merluza, y hacer rentable otros recursos\u201d, manifest\u00f3.<\/p>\n\n\n\n<p>Asimismo, Torres dijo que se debe apostar a la \u201cacuicultura\u201d y no quedar solo atados a la pesca extractiva. \u201cTenemos las condiciones naturales para desarrollar proyectos que en otros lugares han sido exitosos\u201d, plante\u00f3.<\/p>\n\n\n\n<p><strong>EL ROL DE ANDR\u00c9S ARBELETCHE<\/strong><\/p>\n\n\n\n<p>En tanto, el postulante a la gobernaci\u00f3n por JxC se refiri\u00f3 a uno de los nombres que suenan como un eventual titular de la cartera provincial de pesca, en caso que sea electo, como es el caso del abogado de Trelew, Andr\u00e9s Arbeletche.<\/p>\n\n\n\n<p>\u201c\u00c9l est\u00e1 coordinando los equipos t\u00e9cnicos, pero no necesariamente va a ser el Secretario de Pesca, pero s\u00ed va a tener un rol protag\u00f3nico en esa \u00e1rea\u201d, revel\u00f3 el legislador nacional.<\/p>\n\n\n\n<p>Consultado si en su armado tiene afinidad con parte del sector empresario de la flota amarilla, como se menciona dentro de la actividad, dijo que \u201cno, yo tengo afinidad con quienes producen, con quienes generan y, la verdad, es que un gobernante tiene que ser imparcial y estrat\u00e9gico a la hora de pensar la agenda de desarrollo\u201d.<\/p>\n\n\n\n<p>\u201cQuiero que les vaya bien a las plantas, a las flotas y a los trabajadores; y voy a generar una sinergia para que haya m\u00e1s trabajo, y hay que sincerar algunas cuestiones que no est\u00e1n funcionando bien\u201d, agreg\u00f3.<\/p>\n\n\n\n<p><strong>BARAJAR Y DAR DE NUEVO<\/strong><\/p>\n\n\n\n<p>Ignacio Torres hizo especial menci\u00f3n a la Ley Provincial de Pesca IX \u2013 N\u00b0 157 sancionada el a\u00f1o pasado por la Legislatura y por medio de la cual se crearon nuevos permisos de pesca.<\/p>\n\n\n\n<p>\u201cHay una ley que se aprob\u00f3 hace poco, donde se entregaron permisos, que nosotros consideramos que se deber\u00edan haber licitado, por lo que vamos a rever ese tema para eventualmente hacer una licitaci\u00f3n como corresponde y priorizar a quien m\u00e1s mano de obra tiene en tierra, y sobre todo que se adjudiquen en forma clara y transparente\u201d, anunci\u00f3 respecto de lo que planea hacer dentro de las primeras medidas de su eventual gobierno.<\/p>\n\n\n\n<p>\u201cCoincido con Conarpesa que vaya a la justicia y judicialice el tema, porque el sector no debe quedarse callado ante esto. Est\u00e1 bien que se judicialice porque hay que ponerle un freno a esto\u201d, puntualiz\u00f3.<\/p>\n\n\n\n<p>\u201cEstos permisos los otorg\u00f3 un gobierno en salida, a pocos meses de dejar el gobierno, sin transparencia. No podemos permitir que se entreguen recursos de la provincia sin ning\u00fan tipo de redito para el Estado, en el marco de una comisi\u00f3n que de rosca deben saber mucho, pero de pesca nada\u201d, cuestion\u00f3. Vale recordar que esas resoluciones de otorgamiento no han sido a\u00fan publicadas en Bolet\u00edn Oficial.<\/p>\n\n\n\n<p>Torres ratific\u00f3 que \u201cvamos a revisar toda la ley, porque tiene errores groseros y desde ya vamos a convocar a una licitaci\u00f3n; en este caso vamos a llegar hasta las \u00faltimas consecuencias para revocarlos\u201d, concluy\u00f3.<\/p>\n","protected":false},"excerpt":{"rendered":"<p>El senador nacional y candidato a la gobernaci\u00f3n de Chubut por Juntos por el Cambio, Ignacio \u201cNacho\u201d Torres, se pronunci\u00f3 sobre lo que har\u00e1 en materia pesquera en caso de acceder a la conducci\u00f3n de la administraci\u00f3n provincial. Aport\u00f3 definiciones sobre el perfil que le dar\u00e1 a las pol\u00edticas pesqueras y confirm\u00f3 que revisar\u00e1 la<\/p>\n","protected":false},"author":3,"featured_media":2888,"comment_status":"open","ping_status":"open","sticky":false,"template":"","format":"standard","meta":{"om_disable_all_campaigns":false,"_monsterinsights_skip_tracking":false,"_monsterinsights_sitenote_active":false,"_monsterinsights_sitenote_note":"","_monsterinsights_sitenote_category":0,"footnotes":""},"categories":[9],"tags":[91],"class_list":{"0":"post-2887","1":"post","2":"type-post","3":"status-publish","4":"format-standard","5":"has-post-thumbnail","7":"category-actualidad","8":"tag-featured"},"aioseo_notices":[],"amp_enabled":true,"_links":{"self":[{"href":"https:\/\/partedepesca.com.ar\/d\/wp-json\/wp\/v2\/posts\/2887","targetHints":{"allow":["GET"]}}],"collection":[{"href":"https:\/\/partedepesca.com.ar\/d\/wp-json\/wp\/v2\/posts"}],"about":[{"href":"https:\/\/partedepesca.com.ar\/d\/wp-json\/wp\/v2\/types\/post"}],"author":[{"embeddable":true,"href":"https:\/\/partedepesca.com.ar\/d\/wp-json\/wp\/v2\/users\/3"}],"replies":[{"embeddable":true,"href":"https:\/\/partedepesca.com.ar\/d\/wp-json\/wp\/v2\/comments?post=2887"}],"version-history":[{"count":2,"href":"https:\/\/partedepesca.com.ar\/d\/wp-json\/wp\/v2\/posts\/2887\/revisions"}],"predecessor-version":[{"id":2891,"href":"https:\/\/partedepesca.com.ar\/d\/wp-json\/wp\/v2\/posts\/2887\/revisions\/2891"}],"wp:featuredmedia":[{"embeddable":true,"href":"https:\/\/partedepesca.com.ar\/d\/wp-json\/wp\/v2\/media\/2888"}],"wp:attachment":[{"href":"https:\/\/partedepesca.com.ar\/d\/wp-json\/wp\/v2\/media?parent=2887"}],"wp:term":[{"taxonomy":"category","embeddable":true,"href":"https:\/\/partedepesca.com.ar\/d\/wp-json\/wp\/v2\/categories?post=2887"},{"taxonomy":"post_tag","embeddable":true,"href":"https:\/\/partedepesca.com.ar\/d\/wp-json\/wp\/v2\/tags?post=2887"}],"curies":[{"name":"wp","href":"https:\/\/api.w.org\/{rel}","templated":true}]}}