{"id":2860,"date":"2023-07-21T18:05:20","date_gmt":"2023-07-21T18:05:20","guid":{"rendered":"https:\/\/partedepesca.com.ar\/d\/?p=2860"},"modified":"2023-07-21T22:26:48","modified_gmt":"2023-07-21T22:26:48","slug":"prefectura-aeroevacuo-de-urgencia-a-tripulante-de-un-potero","status":"publish","type":"post","link":"https:\/\/partedepesca.com.ar\/d\/prefectura-aeroevacuo-de-urgencia-a-tripulante-de-un-potero\/","title":{"rendered":"Prefectura aeroevacu\u00f3 de urgencia a tripulante de un potero"},"content":{"rendered":"\n<p>El hombre, de 33 a\u00f1os, sufri\u00f3 convulsiones y p\u00e9rdida de conocimiento mientras navegaban hacia Mar del Plata. Personal especializado de la Prefectura Naval Argentina aeroevacu\u00f3 de urgencia a un tripulante del buque pesquero \u201cDon Luis I\u201d, luego de que convulsionara y perdiera el conocimiento mientras navegaban a 296 kil\u00f3metros de la ciudad bonaerense de Mar del Plata.<\/p>\n\n\n\n<figure class=\"wp-block-embed is-type-video is-provider-youtube wp-block-embed-youtube wp-embed-aspect-16-9 wp-has-aspect-ratio\"><div class=\"wp-block-embed__wrapper\">\n<iframe title=\"Prefectura aeroevacu\u00f3 de urgencia al tripulante de un pesquero\" width=\"788\" height=\"443\" src=\"https:\/\/www.youtube.com\/embed\/eC8Hj_VkWZs?feature=oembed\" frameborder=\"0\" allow=\"accelerometer; autoplay; clipboard-write; encrypted-media; gyroscope; picture-in-picture; web-share\" allowfullscreen><\/iframe>\n<\/div><\/figure>\n\n\n\n<p>El hombre, de 33 a\u00f1os, realizaba tareas de primer oficial de cubierta en el puente de la embarcaci\u00f3n cuando se descompens\u00f3. Su capit\u00e1n realiz\u00f3 una radio consulta con un m\u00e9dico de la Instituci\u00f3n, quien indic\u00f3 la inmediata aeroevacuaci\u00f3n.<\/p>\n\n\n\n<p>R\u00e1pidamente, personal de la Fuerza, especialmente entrenado para este tipo de emergencias, despeg\u00f3 desde el aeropuerto de Mar del Plata hacia el lugar, a bordo de un avi\u00f3n y un helic\u00f3ptero, preparados para iniciar la maniobra de aeroevacuaci\u00f3n.<\/p>\n\n\n\n<p>Una vez sobre el buque, se descendi\u00f3 una canasta sanitaria y se iz\u00f3 al tripulante, quien recibi\u00f3 las primeras atenciones a bordo de la aeronave, mientras que en tierra se coordinaba el arribo de una ambulancia al aeropuerto de Mar del Plata.<\/p>\n\n\n\n<p>Una vez aterrizados, el hombre fue trasladado al hospital local para una mejor atenci\u00f3n.<\/p>\n","protected":false},"excerpt":{"rendered":"<p>El hombre, de 33 a\u00f1os, sufri\u00f3 convulsiones y p\u00e9rdida de conocimiento mientras navegaban hacia Mar del Plata. Personal especializado de la Prefectura Naval Argentina aeroevacu\u00f3 de urgencia a un tripulante del buque pesquero \u201cDon Luis I\u201d, luego de que convulsionara y perdiera el conocimiento mientras navegaban a 296 kil\u00f3metros de la ciudad bonaerense de Mar<\/p>\n","protected":false},"author":3,"featured_media":2861,"comment_status":"open","ping_status":"open","sticky":false,"template":"","format":"standard","meta":{"om_disable_all_campaigns":false,"_monsterinsights_skip_tracking":false,"_monsterinsights_sitenote_active":false,"_monsterinsights_sitenote_note":"","_monsterinsights_sitenote_category":0,"footnotes":""},"categories":[9],"tags":[91],"class_list":{"0":"post-2860","1":"post","2":"type-post","3":"status-publish","4":"format-standard","5":"has-post-thumbnail","7":"category-actualidad","8":"tag-featured"},"aioseo_notices":[],"amp_enabled":true,"_links":{"self":[{"href":"https:\/\/partedepesca.com.ar\/d\/wp-json\/wp\/v2\/posts\/2860","targetHints":{"allow":["GET"]}}],"collection":[{"href":"https:\/\/partedepesca.com.ar\/d\/wp-json\/wp\/v2\/posts"}],"about":[{"href":"https:\/\/partedepesca.com.ar\/d\/wp-json\/wp\/v2\/types\/post"}],"author":[{"embeddable":true,"href":"https:\/\/partedepesca.com.ar\/d\/wp-json\/wp\/v2\/users\/3"}],"replies":[{"embeddable":true,"href":"https:\/\/partedepesca.com.ar\/d\/wp-json\/wp\/v2\/comments?post=2860"}],"version-history":[{"count":2,"href":"https:\/\/partedepesca.com.ar\/d\/wp-json\/wp\/v2\/posts\/2860\/revisions"}],"predecessor-version":[{"id":2863,"href":"https:\/\/partedepesca.com.ar\/d\/wp-json\/wp\/v2\/posts\/2860\/revisions\/2863"}],"wp:featuredmedia":[{"embeddable":true,"href":"https:\/\/partedepesca.com.ar\/d\/wp-json\/wp\/v2\/media\/2861"}],"wp:attachment":[{"href":"https:\/\/partedepesca.com.ar\/d\/wp-json\/wp\/v2\/media?parent=2860"}],"wp:term":[{"taxonomy":"category","embeddable":true,"href":"https:\/\/partedepesca.com.ar\/d\/wp-json\/wp\/v2\/categories?post=2860"},{"taxonomy":"post_tag","embeddable":true,"href":"https:\/\/partedepesca.com.ar\/d\/wp-json\/wp\/v2\/tags?post=2860"}],"curies":[{"name":"wp","href":"https:\/\/api.w.org\/{rel}","templated":true}]}}