{"id":2855,"date":"2023-07-20T20:34:45","date_gmt":"2023-07-20T20:34:45","guid":{"rendered":"https:\/\/partedepesca.com.ar\/d\/?p=2855"},"modified":"2023-07-21T18:44:29","modified_gmt":"2023-07-21T18:44:29","slug":"familiares-del-naufrago-piden-secuestrar-los-celulares-de-la-tripulacion-del-barco","status":"publish","type":"post","link":"https:\/\/partedepesca.com.ar\/d\/familiares-del-naufrago-piden-secuestrar-los-celulares-de-la-tripulacion-del-barco\/","title":{"rendered":"Familiares del n\u00e1ufrago piden secuestrar los celulares de la tripulaci\u00f3n del barco"},"content":{"rendered":"\n<p>El buque pesquero Nuevo Viento amarr\u00f3 este jueves en el sitio 6 del muelle Almirante Storni de Puerto Madryn y los tripulantes de la embarcaci\u00f3n prestar\u00edan declaraci\u00f3n testimonial en la sede de Prefectura Naval, con la presencia de una comitiva del Juzgado Federal N\u00b0 2 de Rawson.<\/p>\n\n\n\n<p>La familia del desaparecido Jos\u00e9 Gabriel Ferreyra tiene dudas sobre lo acontecido en el barco ese s\u00e1bado 15 de julio cuando fue visto por \u00faltima vez el marinero, y le piden a la justicia que incaute los equipos de comunicaci\u00f3n de los tripulantes.<\/p>\n\n\n\n<p>Sobre la b\u00fasqueda, Sim\u00f3n Ferreyra expres\u00f3 que, desde la Prefectura Comodoro Rivadavia, que es la que tiene a cargo el operativo de rastrillaje, \u201cno nos han permitido tener una comunicaci\u00f3n directa, sino que es la Prefectura Madryn la que nos va contando qu\u00e9 se est\u00e1 haciendo\u201d.<\/p>\n\n\n\n<p>Los hermanos de \u2018Pepe\u2019 Ferreyra descartan la posibilidad que se haya arrojado del barco y tienen dudas de la versi\u00f3n de la tripulaci\u00f3n respecto a que lo vieron a las 6 de la ma\u00f1ana y reci\u00e9n se percataron que no estaban a las 13:30 horas.<\/p>\n\n\n\n<figure class=\"wp-block-embed is-type-rich is-provider-gestor-del-servicio wp-block-embed-gestor-del-servicio\"><div class=\"wp-block-embed__wrapper\">\n<div style=\"width: 640px;\" class=\"wp-video\"><video class=\"wp-video-shortcode\" id=\"video-2855-1\" width=\"640\" height=\"360\" preload=\"metadata\" controls=\"controls\"><source type=\"video\/mp4\" src=\"https:\/\/partedepesca.com.ar\/d\/wp-content\/uploads\/2023\/07\/amarra-el-nuevo-viento-en-el-storni.mp4?_=1\" \/><a href=\"https:\/\/partedepesca.com.ar\/d\/wp-content\/uploads\/2023\/07\/amarra-el-nuevo-viento-en-el-storni.mp4\">https:\/\/partedepesca.com.ar\/d\/wp-content\/uploads\/2023\/07\/amarra-el-nuevo-viento-en-el-storni.mp4<\/a><\/video><\/div>\n<\/div><figcaption class=\"wp-element-caption\">As\u00ed amarraba al muelle Storni el barco Nuevo Viento, la Prefectura traslad\u00f3 a los tripulantes para que declaren<\/figcaption><\/figure>\n\n\n\n<p>\u201cMi hermano tiene una personalidad que no pasa desapercibido. Es imposible que un t\u00e9rmino de 6 o 7 horas nadie lo viera y no se dieran cuenta que no estaba\u201d, se\u00f1al\u00f3 Sim\u00f3n al advertir que no creen que sea cierto lo que se dijo desde el barco cuando se inici\u00f3 la b\u00fasqueda, y por tal motivo, ahora le solicitan a la justicia que investigue a los tripulantes a fin de deslindar responsabilidades.<\/p>\n\n\n\n<p>\u201cLo que pedimos es que se contin\u00fae con la b\u00fasqueda. En esa embarcaci\u00f3n han sucedido cuestiones similares de desaparici\u00f3n de tripulantes por eso reclamamos una investigaci\u00f3n a fondo. Ni en el caso del maquinista, ni en el caso de mi hermano hay testigos, nadie los vio al caer. Tenemos que saber qu\u00e9 es lo que realmente pas\u00f3 en este caso\u201d, concluy\u00f3.<\/p>\n","protected":false},"excerpt":{"rendered":"<p>El buque pesquero Nuevo Viento amarr\u00f3 este jueves en el sitio 6 del muelle Almirante Storni de Puerto Madryn y los tripulantes de la embarcaci\u00f3n prestar\u00edan declaraci\u00f3n testimonial en la sede de Prefectura Naval, con la presencia de una comitiva del Juzgado Federal N\u00b0 2 de Rawson. La familia del desaparecido Jos\u00e9 Gabriel Ferreyra tiene<\/p>\n","protected":false},"author":3,"featured_media":2856,"comment_status":"open","ping_status":"open","sticky":false,"template":"","format":"standard","meta":{"om_disable_all_campaigns":false,"_monsterinsights_skip_tracking":false,"_monsterinsights_sitenote_active":false,"_monsterinsights_sitenote_note":"","_monsterinsights_sitenote_category":0,"footnotes":""},"categories":[9],"tags":[91],"class_list":{"0":"post-2855","1":"post","2":"type-post","3":"status-publish","4":"format-standard","5":"has-post-thumbnail","7":"category-actualidad","8":"tag-featured"},"aioseo_notices":[],"amp_enabled":true,"_links":{"self":[{"href":"https:\/\/partedepesca.com.ar\/d\/wp-json\/wp\/v2\/posts\/2855","targetHints":{"allow":["GET"]}}],"collection":[{"href":"https:\/\/partedepesca.com.ar\/d\/wp-json\/wp\/v2\/posts"}],"about":[{"href":"https:\/\/partedepesca.com.ar\/d\/wp-json\/wp\/v2\/types\/post"}],"author":[{"embeddable":true,"href":"https:\/\/partedepesca.com.ar\/d\/wp-json\/wp\/v2\/users\/3"}],"replies":[{"embeddable":true,"href":"https:\/\/partedepesca.com.ar\/d\/wp-json\/wp\/v2\/comments?post=2855"}],"version-history":[{"count":2,"href":"https:\/\/partedepesca.com.ar\/d\/wp-json\/wp\/v2\/posts\/2855\/revisions"}],"predecessor-version":[{"id":2859,"href":"https:\/\/partedepesca.com.ar\/d\/wp-json\/wp\/v2\/posts\/2855\/revisions\/2859"}],"wp:featuredmedia":[{"embeddable":true,"href":"https:\/\/partedepesca.com.ar\/d\/wp-json\/wp\/v2\/media\/2856"}],"wp:attachment":[{"href":"https:\/\/partedepesca.com.ar\/d\/wp-json\/wp\/v2\/media?parent=2855"}],"wp:term":[{"taxonomy":"category","embeddable":true,"href":"https:\/\/partedepesca.com.ar\/d\/wp-json\/wp\/v2\/categories?post=2855"},{"taxonomy":"post_tag","embeddable":true,"href":"https:\/\/partedepesca.com.ar\/d\/wp-json\/wp\/v2\/tags?post=2855"}],"curies":[{"name":"wp","href":"https:\/\/api.w.org\/{rel}","templated":true}]}}