{"id":2837,"date":"2023-07-19T01:46:13","date_gmt":"2023-07-19T01:46:13","guid":{"rendered":"https:\/\/partedepesca.com.ar\/d\/?p=2837"},"modified":"2023-07-20T02:08:28","modified_gmt":"2023-07-20T02:08:28","slug":"julian-suarez-puso-en-valor-la-arriesgada-tarea-de-los-hombres-de-mar","status":"publish","type":"post","link":"https:\/\/partedepesca.com.ar\/d\/julian-suarez-puso-en-valor-la-arriesgada-tarea-de-los-hombres-de-mar\/","title":{"rendered":"\u200bJuli\u00e1n Su\u00e1rez puso en valor \u201cla arriesgada tarea de los hombres de mar\u201d"},"content":{"rendered":"\n<p>El Director Nacional de Coordinaci\u00f3n y Fiscalizaci\u00f3n Pesquera, Juli\u00e1n Su\u00e1rez, particip\u00f3 este martes en el Ecocentro &#8211; Pampa Azul, en Puerto Madryn, de una mesa de debate en el marco del &#8220;Mes de los Intereses Argentinos en el Mar&#8221;, e hizo especial menci\u00f3n, en el inicio de su elocuci\u00f3n, al lamentable episodio que hoy entristece al sector pesquero, como lo es la desaparici\u00f3n de un marinero que navegaba a bordo de un fresquero de altura rumbo a zona de pesca.<\/p>\n\n\n\n<p>\u201cPongo en valor la valent\u00eda que ponen, d\u00eda a d\u00eda, cada uno de esos tripulantes de la actividad pesquera, dejando sus familias, para salir a la pesca\u201d, dijo al expresar su acompa\u00f1amiento a los familiares de Juan Gabriel Ferreyra, y a la comunidad mar\u00edtima en general.<\/p>\n\n\n\n<p>Su\u00e1rez subray\u00f3, adem\u00e1s, \u201cla solidaridad de la flota pesquera que se puso a colaborar en las tareas de b\u00fasqueda del compa\u00f1ero marinero\u201d, mencion\u00f3 en relaci\u00f3n al operativo que se realiza desde la tarde del s\u00e1bado a la altura de Punta Ninfas.<\/p>\n\n\n\n<p>El Director de Coordinaci\u00f3n Pesquera hizo hincapi\u00e9 en la tarea y el rol que despliegan las diferentes tripulaciones de la flota pesquera, recordando que \u201cen \u00e9poca de pandemia, fue una actividad declarada esencial, y ah\u00ed estuvieron esas tripulaciones completas d\u00e1ndolo todo\u201d, reflexion\u00f3 al referir la entrega y arriesgada tarea que desarrollan los hombres de mar.<\/p>\n\n\n\n<p>Antes de comenzar el taller pidi\u00f3 al auditorio \u201cun aplauso para todos los marineros, porque sin ellos, no habr\u00eda actividad pesquera\u201d, razon\u00f3.<\/p>\n\n\n\n<p>La menci\u00f3n del funcionario fue en el marco de la mesa debate denominada &#8220;Navegando hacia el futuro. La gesti\u00f3n de los intereses pesqueros en el mar&#8221;, en la que expusieron, adem\u00e1s, Gabriela Navarro, directora de Planificaci\u00f3n Pesquera con un pormenorizado detalle respecto de la administraci\u00f3n de la actividad pesquera en Argentina, su marco institucional, la construcci\u00f3n de bases estad\u00edsticas, los compromisos internacionales, la agenda ambiental y la mitigaci\u00f3n de impactos.<\/p>\n\n\n\n<p>Su\u00e1rez hizo un racconto de las acciones desarrolladas desde 2019 a la fecha desde la Subsecretar\u00eda de Pesca de la Naci\u00f3n, en materia de cadena de valor, las disposiciones y marco normativo sobre trazabilidad de las pesquer\u00edas, entre otros temas.<\/p>\n\n\n\n<p>En la mesa de debate realizaron sus aportes el presidente de la CAPIP, Agust\u00edn de la Fuente, Ana Parma del CONICET y Manolo Arias de la Fundaci\u00f3n Vida Silvestre, para luego dar lugar a la interacci\u00f3n con los asistentes del auditorio del que participaron representantes de empresas, sindicatos, del sector acad\u00e9mico y cient\u00edfico, entre otros, con la moderaci\u00f3n del Ecocentro \u2013 Pampa Azul.<\/p>\n","protected":false},"excerpt":{"rendered":"<p>El Director Nacional de Coordinaci\u00f3n y Fiscalizaci\u00f3n Pesquera, Juli\u00e1n Su\u00e1rez, particip\u00f3 este martes en el Ecocentro &#8211; Pampa Azul, en Puerto Madryn, de una mesa de debate en el marco del &#8220;Mes de los Intereses Argentinos en el Mar&#8221;, e hizo especial menci\u00f3n, en el inicio de su elocuci\u00f3n, al lamentable episodio que hoy entristece<\/p>\n","protected":false},"author":3,"featured_media":2838,"comment_status":"open","ping_status":"open","sticky":false,"template":"","format":"standard","meta":{"om_disable_all_campaigns":false,"_monsterinsights_skip_tracking":false,"_monsterinsights_sitenote_active":false,"_monsterinsights_sitenote_note":"","_monsterinsights_sitenote_category":0,"footnotes":""},"categories":[9],"tags":[91],"class_list":{"0":"post-2837","1":"post","2":"type-post","3":"status-publish","4":"format-standard","5":"has-post-thumbnail","7":"category-actualidad","8":"tag-featured"},"aioseo_notices":[],"amp_enabled":true,"_links":{"self":[{"href":"https:\/\/partedepesca.com.ar\/d\/wp-json\/wp\/v2\/posts\/2837","targetHints":{"allow":["GET"]}}],"collection":[{"href":"https:\/\/partedepesca.com.ar\/d\/wp-json\/wp\/v2\/posts"}],"about":[{"href":"https:\/\/partedepesca.com.ar\/d\/wp-json\/wp\/v2\/types\/post"}],"author":[{"embeddable":true,"href":"https:\/\/partedepesca.com.ar\/d\/wp-json\/wp\/v2\/users\/3"}],"replies":[{"embeddable":true,"href":"https:\/\/partedepesca.com.ar\/d\/wp-json\/wp\/v2\/comments?post=2837"}],"version-history":[{"count":1,"href":"https:\/\/partedepesca.com.ar\/d\/wp-json\/wp\/v2\/posts\/2837\/revisions"}],"predecessor-version":[{"id":2839,"href":"https:\/\/partedepesca.com.ar\/d\/wp-json\/wp\/v2\/posts\/2837\/revisions\/2839"}],"wp:featuredmedia":[{"embeddable":true,"href":"https:\/\/partedepesca.com.ar\/d\/wp-json\/wp\/v2\/media\/2838"}],"wp:attachment":[{"href":"https:\/\/partedepesca.com.ar\/d\/wp-json\/wp\/v2\/media?parent=2837"}],"wp:term":[{"taxonomy":"category","embeddable":true,"href":"https:\/\/partedepesca.com.ar\/d\/wp-json\/wp\/v2\/categories?post=2837"},{"taxonomy":"post_tag","embeddable":true,"href":"https:\/\/partedepesca.com.ar\/d\/wp-json\/wp\/v2\/tags?post=2837"}],"curies":[{"name":"wp","href":"https:\/\/api.w.org\/{rel}","templated":true}]}}