{"id":2823,"date":"2023-07-18T05:12:04","date_gmt":"2023-07-18T05:12:04","guid":{"rendered":"https:\/\/partedepesca.com.ar\/d\/?p=2823"},"modified":"2023-07-19T01:46:31","modified_gmt":"2023-07-19T01:46:31","slug":"inician-busqueda-terrestre-del-tripulante-desaparecido-el-sabado","status":"publish","type":"post","link":"https:\/\/partedepesca.com.ar\/d\/inician-busqueda-terrestre-del-tripulante-desaparecido-el-sabado\/","title":{"rendered":"Inician b\u00fasqueda terrestre del tripulante desaparecido el s\u00e1bado"},"content":{"rendered":"\n<p>Allegados y familiares de Jos\u00e9 Gabriel Ferreyra prev\u00e9n iniciar este martes un rastrillaje terrestre, en la zona costera en proximidad de Punta Ninfas. Llegados desde Necochea junto a marineros locales intentar\u00e1n llegar hasta esos campos para hacer un recorrido terrestre en ese sector de playas, al sur de la boca del Golfo Nuevo, desde hoy y durante los pr\u00f3ximos d\u00edas.<\/p>\n\n\n\n<p>En tanto, el operativo de b\u00fasqueda en superficie se realiza con presencia de guardacostas de la Prefectura Naval, con la participaci\u00f3n de una treintena de barcos pesqueros que est\u00e1n pescando langostino en aguas nacionales. La Armada Argentina incorpor\u00f3 una aeronave al operativo, realizando sobrevuelos en el \u00e1rea.<\/p>\n\n\n\n<p>Los familiares de Ferreyra agradecieron la colaboraci\u00f3n que est\u00e1n recibiendo de parte del SOMU, y convocan a marineros que quieran colaborar con esta b\u00fasqueda terrestre que iniciar\u00e1n hoy, a fin de cubrir todas las posibilidades que permitir\u00e1n el hallazgo del tripulante del fresquero Nuevo Viento.<\/p>\n\n\n\n<p>La embarcaci\u00f3n en cuesti\u00f3n no ha sido aun conminada a ir a puerto, ya que est\u00e1 tambi\u00e9n afectada al rastrillaje mar\u00edtimo, tras lo cual es de prever que ingrese a Puerto Madryn, para que se labren las actuaciones sumariales en Prefectura y los tripulantes presten declaraci\u00f3n en el marco de la causa que se tramita en el Juzgado Federal N\u00b0 2 de Rawson, a cargo del juez Dr. Gustavo Lleral.<\/p>\n","protected":false},"excerpt":{"rendered":"<p>Allegados y familiares de Jos\u00e9 Gabriel Ferreyra prev\u00e9n iniciar este martes un rastrillaje terrestre, en la zona costera en proximidad de Punta Ninfas. Llegados desde Necochea junto a marineros locales intentar\u00e1n llegar hasta esos campos para hacer un recorrido terrestre en ese sector de playas, al sur de la boca del Golfo Nuevo, desde hoy<\/p>\n","protected":false},"author":3,"featured_media":2824,"comment_status":"open","ping_status":"open","sticky":false,"template":"","format":"standard","meta":{"om_disable_all_campaigns":false,"_monsterinsights_skip_tracking":false,"_monsterinsights_sitenote_active":false,"_monsterinsights_sitenote_note":"","_monsterinsights_sitenote_category":0,"footnotes":""},"categories":[9],"tags":[91],"class_list":{"0":"post-2823","1":"post","2":"type-post","3":"status-publish","4":"format-standard","5":"has-post-thumbnail","7":"category-actualidad","8":"tag-featured"},"aioseo_notices":[],"amp_enabled":true,"_links":{"self":[{"href":"https:\/\/partedepesca.com.ar\/d\/wp-json\/wp\/v2\/posts\/2823","targetHints":{"allow":["GET"]}}],"collection":[{"href":"https:\/\/partedepesca.com.ar\/d\/wp-json\/wp\/v2\/posts"}],"about":[{"href":"https:\/\/partedepesca.com.ar\/d\/wp-json\/wp\/v2\/types\/post"}],"author":[{"embeddable":true,"href":"https:\/\/partedepesca.com.ar\/d\/wp-json\/wp\/v2\/users\/3"}],"replies":[{"embeddable":true,"href":"https:\/\/partedepesca.com.ar\/d\/wp-json\/wp\/v2\/comments?post=2823"}],"version-history":[{"count":2,"href":"https:\/\/partedepesca.com.ar\/d\/wp-json\/wp\/v2\/posts\/2823\/revisions"}],"predecessor-version":[{"id":2836,"href":"https:\/\/partedepesca.com.ar\/d\/wp-json\/wp\/v2\/posts\/2823\/revisions\/2836"}],"wp:featuredmedia":[{"embeddable":true,"href":"https:\/\/partedepesca.com.ar\/d\/wp-json\/wp\/v2\/media\/2824"}],"wp:attachment":[{"href":"https:\/\/partedepesca.com.ar\/d\/wp-json\/wp\/v2\/media?parent=2823"}],"wp:term":[{"taxonomy":"category","embeddable":true,"href":"https:\/\/partedepesca.com.ar\/d\/wp-json\/wp\/v2\/categories?post=2823"},{"taxonomy":"post_tag","embeddable":true,"href":"https:\/\/partedepesca.com.ar\/d\/wp-json\/wp\/v2\/tags?post=2823"}],"curies":[{"name":"wp","href":"https:\/\/api.w.org\/{rel}","templated":true}]}}