{"id":2772,"date":"2023-07-10T17:00:42","date_gmt":"2023-07-10T17:00:42","guid":{"rendered":"https:\/\/partedepesca.com.ar\/d\/?p=2772"},"modified":"2023-07-12T22:19:41","modified_gmt":"2023-07-12T22:19:41","slug":"la-flota-langostinera-se-mudo-al-subarea-8","status":"publish","type":"post","link":"https:\/\/partedepesca.com.ar\/d\/la-flota-langostinera-se-mudo-al-subarea-8\/","title":{"rendered":"La flota langostinera se mud\u00f3 al Sub\u00e1rea 8"},"content":{"rendered":"\n<p>Sobre el filo de la semana pasada se resolvi\u00f3 la apertura a la pesca comercial de las Sub\u00e1reas 7 y 8, como resultado de los buenos rendimientos obtenidos en la prospecci\u00f3n.<\/p>\n\n\n\n<p>En este momento, adem\u00e1s de esos citados sectores, est\u00e1n habilitadas a la pesca las Sub\u00e1reas 13, 14 y 16. El mi\u00e9rcoles desde las 07:00 horas se reabre la Sub\u00e1rea 15 norte.<\/p>\n\n\n\n<p>Durante el fin de semana se observ\u00f3 la migraci\u00f3n de la flota en la sub\u00e1rea delimitada entre los paralelos 43\u00b000&#8242; y 44\u00b000&#8242; S y los meridianos 61\u00b000&#8242; y 62\u00b000&#8242; O, en mayor medida, ya que es all\u00ed sobre se reportan los mejores rendimientos.<\/p>\n\n\n\n<p>Hoy la flota est\u00e1 arriba del Sub\u00e1rea 8. \u00bfCu\u00e1nto va a soportar el recurso? Es una inc\u00f3gnita ante la presi\u00f3n por la cantidad de buques operando en el mismo lugar.<\/p>\n\n\n\n<figure class=\"wp-block-image size-full\"><a href=\"https:\/\/partedepesca.com.ar\/d\/wp-content\/uploads\/2023\/07\/WhatsApp-Image-2023-07-07-at-23.48.44.jpeg\"><img fetchpriority=\"high\" decoding=\"async\" width=\"1024\" height=\"685\" src=\"https:\/\/partedepesca.com.ar\/d\/wp-content\/uploads\/2023\/07\/WhatsApp-Image-2023-07-07-at-23.48.44.jpeg\" alt=\"\" class=\"wp-image-2773\" srcset=\"https:\/\/partedepesca.com.ar\/d\/wp-content\/uploads\/2023\/07\/WhatsApp-Image-2023-07-07-at-23.48.44.jpeg 1024w, https:\/\/partedepesca.com.ar\/d\/wp-content\/uploads\/2023\/07\/WhatsApp-Image-2023-07-07-at-23.48.44-300x201.jpeg 300w, https:\/\/partedepesca.com.ar\/d\/wp-content\/uploads\/2023\/07\/WhatsApp-Image-2023-07-07-at-23.48.44-768x514.jpeg 768w, https:\/\/partedepesca.com.ar\/d\/wp-content\/uploads\/2023\/07\/WhatsApp-Image-2023-07-07-at-23.48.44-150x100.jpeg 150w, https:\/\/partedepesca.com.ar\/d\/wp-content\/uploads\/2023\/07\/WhatsApp-Image-2023-07-07-at-23.48.44-450x301.jpeg 450w\" sizes=\"(max-width: 1024px) 100vw, 1024px\" \/><\/a><\/figure>\n\n\n\n<p>Si bien el recurso se ha presentado disperso, los datos de desembarques muestran niveles similares a la temporada anterior. Reci\u00e9n se transita la quinta semana desde la apertura de la pesquer\u00eda.<\/p>\n\n\n\n<p>Para los congeladores, que no se hayan capturado grandes vol\u00famenes en el arranque termin\u00f3 siendo un dinamizador comercial, ya que si hubiera aumentado r\u00e1pido el stock de congelado, los precios estar\u00edan peor que los actuales, seg\u00fan analizan, al confirmar que el congelado a bordo se mantiene con retracci\u00f3n de demanda y precios deprimidos en los principales mercados internacionales.<\/p>\n","protected":false},"excerpt":{"rendered":"<p>Sobre el filo de la semana pasada se resolvi\u00f3 la apertura a la pesca comercial de las Sub\u00e1reas 7 y 8, como resultado de los buenos rendimientos obtenidos en la prospecci\u00f3n. En este momento, adem\u00e1s de esos citados sectores, est\u00e1n habilitadas a la pesca las Sub\u00e1reas 13, 14 y 16. El mi\u00e9rcoles desde las 07:00<\/p>\n","protected":false},"author":3,"featured_media":2774,"comment_status":"open","ping_status":"open","sticky":false,"template":"","format":"standard","meta":{"om_disable_all_campaigns":false,"_monsterinsights_skip_tracking":false,"_monsterinsights_sitenote_active":false,"_monsterinsights_sitenote_note":"","_monsterinsights_sitenote_category":0,"footnotes":""},"categories":[9],"tags":[91,299],"class_list":{"0":"post-2772","1":"post","2":"type-post","3":"status-publish","4":"format-standard","5":"has-post-thumbnail","7":"category-actualidad","8":"tag-featured","9":"tag-temporada-de-langostino"},"aioseo_notices":[],"amp_enabled":true,"_links":{"self":[{"href":"https:\/\/partedepesca.com.ar\/d\/wp-json\/wp\/v2\/posts\/2772","targetHints":{"allow":["GET"]}}],"collection":[{"href":"https:\/\/partedepesca.com.ar\/d\/wp-json\/wp\/v2\/posts"}],"about":[{"href":"https:\/\/partedepesca.com.ar\/d\/wp-json\/wp\/v2\/types\/post"}],"author":[{"embeddable":true,"href":"https:\/\/partedepesca.com.ar\/d\/wp-json\/wp\/v2\/users\/3"}],"replies":[{"embeddable":true,"href":"https:\/\/partedepesca.com.ar\/d\/wp-json\/wp\/v2\/comments?post=2772"}],"version-history":[{"count":1,"href":"https:\/\/partedepesca.com.ar\/d\/wp-json\/wp\/v2\/posts\/2772\/revisions"}],"predecessor-version":[{"id":2775,"href":"https:\/\/partedepesca.com.ar\/d\/wp-json\/wp\/v2\/posts\/2772\/revisions\/2775"}],"wp:featuredmedia":[{"embeddable":true,"href":"https:\/\/partedepesca.com.ar\/d\/wp-json\/wp\/v2\/media\/2774"}],"wp:attachment":[{"href":"https:\/\/partedepesca.com.ar\/d\/wp-json\/wp\/v2\/media?parent=2772"}],"wp:term":[{"taxonomy":"category","embeddable":true,"href":"https:\/\/partedepesca.com.ar\/d\/wp-json\/wp\/v2\/categories?post=2772"},{"taxonomy":"post_tag","embeddable":true,"href":"https:\/\/partedepesca.com.ar\/d\/wp-json\/wp\/v2\/tags?post=2772"}],"curies":[{"name":"wp","href":"https:\/\/api.w.org\/{rel}","templated":true}]}}