{"id":2717,"date":"2023-07-03T12:56:03","date_gmt":"2023-07-03T12:56:03","guid":{"rendered":"https:\/\/partedepesca.com.ar\/d\/?p=2717"},"modified":"2023-07-04T20:01:12","modified_gmt":"2023-07-04T20:01:12","slug":"rio-negro-le-quitaron-los-permisos-a-perla-del-este-y-buscan-nuevos-inversores","status":"publish","type":"post","link":"https:\/\/partedepesca.com.ar\/d\/rio-negro-le-quitaron-los-permisos-a-perla-del-este-y-buscan-nuevos-inversores\/","title":{"rendered":"R\u00edo Negro: le quitaron los permisos a Perla del Este y buscan nuevos inversores"},"content":{"rendered":"\n<p>La empresa pesquera Perla del Este ces\u00f3 sus actividades y dej\u00f3 a setenta trabajadores desempleados en el puerto de San Antonio Este en la provincia de R\u00edo Negro. Este martes los obreros recibir\u00e1n un subsidio del Estado ante la situaci\u00f3n en que se encuentran, al tiempo que buscan inversores para que reactive la planta de procesamiento; la Provincia le quit\u00f3 los tres permisos de pesca que ten\u00eda la empresa y los ofrece a quienes les interese la explotaci\u00f3n de la misma.<\/p>\n\n\n\n<p>R\u00edo Negro se encuentra bajo \u201cemergencia pesquera\u201d atento a que desde hace diez meses no se reportan capturas de merluza, ni langostino dentro de las aguas jurisdiccionales del Golfo San Mat\u00edas, lo que profundiz\u00f3 la problem\u00e1tica en el sector.<\/p>\n\n\n\n<p>El secretario de Agricultura, Ganader\u00eda, Acuicultura y Pesca de R\u00edo Negro, Fernando Malaspina, se reuni\u00f3 el pasado viernes con los trabajadores de Perla del Este. Tuvo como objetivo abordar la dif\u00edcil situaci\u00f3n que enfrentan los obreros luego de que la f\u00e1brica cerrara, dejando a 70 personas sin trabajo.<\/p>\n\n\n\n<p>Expres\u00f3 su preocupaci\u00f3n por la compleja realidad que atraviesan los trabajadores y asegur\u00f3 estar gestionando ayudas para ellos. Desde hace dos meses, se ha estado pagando un subsidio para aliviar temporalmente la situaci\u00f3n.<\/p>\n\n\n\n<p>\u201cEs imposible que nosotros sigamos bancando eternamente esta situaci\u00f3n, y ellos tampoco tienen la voluntad de que as\u00ed sea. Ellos quieren trabajar\u201d, afirm\u00f3 Malaspina. En ese sentido, el funcionario est\u00e1 realizando gestiones a nivel nacional, provincial y con empresarios del sector para encontrar una soluci\u00f3n definitiva, que incluye la posibilidad de reanudar las operaciones de la planta con otra empresa. Asimismo, confirm\u00f3 que se le retiraron los tres permisos de pesca que pose\u00eda el propietario del frigor\u00edfico para tras barcos diferentes.<\/p>\n\n\n\n<p>Malaspina dijo que se est\u00e1 trabajando para establecer contactos con posibles interesados en alquilar o comprar la planta, mencionando el inter\u00e9s de empresas chinas y una compa\u00f1\u00eda de Bah\u00eda Blanca. Adem\u00e1s de buscar alternativas para reactivar la planta, el secretario anunci\u00f3 que el martes se entregar\u00eda un subsidio para paliar la dif\u00edcil situaci\u00f3n econ\u00f3mica de los trabajadores. El Ministerio de Producci\u00f3n de R\u00edo Negro tambi\u00e9n brindar\u00e1 ayuda directa a trav\u00e9s de dinero en efectivo, la tarjeta Alimentar y los REPRO de trabajo, como parte de las medidas de apoyo.<\/p>\n","protected":false},"excerpt":{"rendered":"<p>La empresa pesquera Perla del Este ces\u00f3 sus actividades y dej\u00f3 a setenta trabajadores desempleados en el puerto de San Antonio Este en la provincia de R\u00edo Negro. Este martes los obreros recibir\u00e1n un subsidio del Estado ante la situaci\u00f3n en que se encuentran, al tiempo que buscan inversores para que reactive la planta de<\/p>\n","protected":false},"author":3,"featured_media":2718,"comment_status":"open","ping_status":"open","sticky":false,"template":"","format":"standard","meta":{"om_disable_all_campaigns":false,"_monsterinsights_skip_tracking":false,"_monsterinsights_sitenote_active":false,"_monsterinsights_sitenote_note":"","_monsterinsights_sitenote_category":0,"footnotes":""},"categories":[9],"tags":[91],"class_list":{"0":"post-2717","1":"post","2":"type-post","3":"status-publish","4":"format-standard","5":"has-post-thumbnail","7":"category-actualidad","8":"tag-featured"},"aioseo_notices":[],"amp_enabled":true,"_links":{"self":[{"href":"https:\/\/partedepesca.com.ar\/d\/wp-json\/wp\/v2\/posts\/2717","targetHints":{"allow":["GET"]}}],"collection":[{"href":"https:\/\/partedepesca.com.ar\/d\/wp-json\/wp\/v2\/posts"}],"about":[{"href":"https:\/\/partedepesca.com.ar\/d\/wp-json\/wp\/v2\/types\/post"}],"author":[{"embeddable":true,"href":"https:\/\/partedepesca.com.ar\/d\/wp-json\/wp\/v2\/users\/3"}],"replies":[{"embeddable":true,"href":"https:\/\/partedepesca.com.ar\/d\/wp-json\/wp\/v2\/comments?post=2717"}],"version-history":[{"count":1,"href":"https:\/\/partedepesca.com.ar\/d\/wp-json\/wp\/v2\/posts\/2717\/revisions"}],"predecessor-version":[{"id":2719,"href":"https:\/\/partedepesca.com.ar\/d\/wp-json\/wp\/v2\/posts\/2717\/revisions\/2719"}],"wp:featuredmedia":[{"embeddable":true,"href":"https:\/\/partedepesca.com.ar\/d\/wp-json\/wp\/v2\/media\/2718"}],"wp:attachment":[{"href":"https:\/\/partedepesca.com.ar\/d\/wp-json\/wp\/v2\/media?parent=2717"}],"wp:term":[{"taxonomy":"category","embeddable":true,"href":"https:\/\/partedepesca.com.ar\/d\/wp-json\/wp\/v2\/categories?post=2717"},{"taxonomy":"post_tag","embeddable":true,"href":"https:\/\/partedepesca.com.ar\/d\/wp-json\/wp\/v2\/tags?post=2717"}],"curies":[{"name":"wp","href":"https:\/\/api.w.org\/{rel}","templated":true}]}}