{"id":2665,"date":"2023-06-24T01:57:21","date_gmt":"2023-06-24T01:57:21","guid":{"rendered":"https:\/\/partedepesca.com.ar\/d\/?p=2665"},"modified":"2023-06-27T16:56:36","modified_gmt":"2023-06-27T16:56:36","slug":"a-los-93-anos-fallecio-federico-contessi-pilar-de-la-industria-naval-de-argentina","status":"publish","type":"post","link":"https:\/\/partedepesca.com.ar\/d\/a-los-93-anos-fallecio-federico-contessi-pilar-de-la-industria-naval-de-argentina\/","title":{"rendered":"A los 93 a\u00f1os falleci\u00f3 Federico Contessi, pilar de la industria naval de Argentina"},"content":{"rendered":"\n<p>A los 93 a\u00f1os dej\u00f3 de existir en Mar del Plata Federico Contessi, el armador del astillero que lleva su nombre y uno de los pilares de la industria naval del pa\u00eds, donde se construyeron m\u00e1s de 140 barcos.<\/p>\n\n\n\n<p>Contessi nacido en San Benedetto del Tronto, regi\u00f3n de Le Marche, Italia a poco m\u00e1s de un mes de vida lleg\u00f3 a Mar del Plata, despu\u00e9s que su padre optara por llegar a esa zona para dedicarse a la pesca.<\/p>\n\n\n\n<p>Ten\u00eda 19 a\u00f1os cuando fund\u00f3 el astillero \u201cLa Juventud\u201d luego de trabajar desde su adolescencia como carpintero naval. Fue en el a\u00f1o 1965 cuando ese peque\u00f1o emprendimiento fue transformado en \u201cAstillero Naval Federico Contessi y C\u00eda\u201d.<\/p>\n\n\n\n<p>Conocido el deceso del empresario, acecido este viernes, varias fueron las figuras que publicaron su pesar y condolencias para con la familia Contessi, entre ellos, el intendente de General Pueyrred\u00f3n, Guillermo Montenegro qui\u00e9n expres\u00f3: \u201cUn abrazo enorme para toda la familia de Federico Contessi. El Puerto y toda Mar del Plata va a extra\u00f1arlo y recordarlo como alguien que siempre apost\u00f3 por la ciudad\u201d.<\/p>\n\n\n\n<p><\/p>\n\n\n\n<p><em>Fuente: El Retrato de Hoy<\/em><\/p>\n\n\n\n<p><\/p>\n","protected":false},"excerpt":{"rendered":"<p>A los 93 a\u00f1os dej\u00f3 de existir en Mar del Plata Federico Contessi, el armador del astillero que lleva su nombre y uno de los pilares de la industria naval del pa\u00eds, donde se construyeron m\u00e1s de 140 barcos. Contessi nacido en San Benedetto del Tronto, regi\u00f3n de Le Marche, Italia a poco m\u00e1s de<\/p>\n","protected":false},"author":4,"featured_media":2666,"comment_status":"open","ping_status":"open","sticky":false,"template":"","format":"standard","meta":{"om_disable_all_campaigns":false,"_monsterinsights_skip_tracking":false,"_monsterinsights_sitenote_active":false,"_monsterinsights_sitenote_note":"","_monsterinsights_sitenote_category":0,"footnotes":""},"categories":[9],"tags":[91,335],"class_list":{"0":"post-2665","1":"post","2":"type-post","3":"status-publish","4":"format-standard","5":"has-post-thumbnail","7":"category-actualidad","8":"tag-featured","9":"tag-federico-contessi"},"aioseo_notices":[],"amp_enabled":true,"_links":{"self":[{"href":"https:\/\/partedepesca.com.ar\/d\/wp-json\/wp\/v2\/posts\/2665","targetHints":{"allow":["GET"]}}],"collection":[{"href":"https:\/\/partedepesca.com.ar\/d\/wp-json\/wp\/v2\/posts"}],"about":[{"href":"https:\/\/partedepesca.com.ar\/d\/wp-json\/wp\/v2\/types\/post"}],"author":[{"embeddable":true,"href":"https:\/\/partedepesca.com.ar\/d\/wp-json\/wp\/v2\/users\/4"}],"replies":[{"embeddable":true,"href":"https:\/\/partedepesca.com.ar\/d\/wp-json\/wp\/v2\/comments?post=2665"}],"version-history":[{"count":2,"href":"https:\/\/partedepesca.com.ar\/d\/wp-json\/wp\/v2\/posts\/2665\/revisions"}],"predecessor-version":[{"id":2668,"href":"https:\/\/partedepesca.com.ar\/d\/wp-json\/wp\/v2\/posts\/2665\/revisions\/2668"}],"wp:featuredmedia":[{"embeddable":true,"href":"https:\/\/partedepesca.com.ar\/d\/wp-json\/wp\/v2\/media\/2666"}],"wp:attachment":[{"href":"https:\/\/partedepesca.com.ar\/d\/wp-json\/wp\/v2\/media?parent=2665"}],"wp:term":[{"taxonomy":"category","embeddable":true,"href":"https:\/\/partedepesca.com.ar\/d\/wp-json\/wp\/v2\/categories?post=2665"},{"taxonomy":"post_tag","embeddable":true,"href":"https:\/\/partedepesca.com.ar\/d\/wp-json\/wp\/v2\/tags?post=2665"}],"curies":[{"name":"wp","href":"https:\/\/api.w.org\/{rel}","templated":true}]}}