{"id":2562,"date":"2023-06-09T14:50:37","date_gmt":"2023-06-09T14:50:37","guid":{"rendered":"https:\/\/partedepesca.com.ar\/d\/?p=2562"},"modified":"2023-06-14T00:50:22","modified_gmt":"2023-06-14T00:50:22","slug":"fyrsa-con-una-deuda-multimillonaria-volvio-a-cambiar-de-dueno","status":"publish","type":"post","link":"https:\/\/partedepesca.com.ar\/d\/fyrsa-con-una-deuda-multimillonaria-volvio-a-cambiar-de-dueno\/","title":{"rendered":"FyRSA con una deuda multimillonaria volvi\u00f3 a &#8220;cambiar&#8221; de due\u00f1o"},"content":{"rendered":"\n<p>El caso de la pesquera FyRSA sigue sumando cap\u00edtulos a su controvertido historial mientras atraviesa una etapa concursal al filo de la quiebra. Esta semana se present\u00f3 ante el Juzgado de Ejecuci\u00f3n de Puerto Madryn, a cargo del Dr. Luis Horacio Mures, donde se tramita el concurso preventivo de la empresa, un nuevo contrato de transferencia de acciones y un nuevo patrocinio letrado. Adem\u00e1s, simult\u00e1neamente, apareci\u00f3 un inversor de una sociedad an\u00f3nima simplificada (SAS) que propone alquilar la pesquera por cinco a\u00f1os. Llamativamente el representante legal del nuevo accionista mayoritario y tambi\u00e9n del posible arrendatario es el mismo abogado.<\/p>\n\n\n\n<p><strong>SIN LIBROS, INVENTARIOS, NI BALANCES<\/strong><\/p>\n\n\n\n<p>El nuevo pasamanos de acciones se realiz\u00f3 el 24 de mayo en Rawson, donde la joven monotributista Karen Paola Mariel Vel\u00e1zquez que ostentaba el 75% de las acciones de la empresa se las cedi\u00f3 gratis, sin costo, a Luis Dar\u00edo Calder\u00f3n, domiciliado en Puerto Madryn.<\/p>\n\n\n\n<p>Karen Vel\u00e1zquez entreg\u00f3 todas las acciones, pero aclar\u00f3 que &#8220;no posee ni nunca posey\u00f3 los libros contables, actas de directorio, actas de asamblea, dep\u00f3sito de acciones y asistencia de asambleas, libro de registro de acciones, inventario y balances de la sociedad, ni ninguna otra documentaci\u00f3n&#8221;, es decir admite haber tenido el 75% de las acciones, pero ning\u00fan libro contable los que siguieron en manos del due\u00f1o original. El ahora nuevo comprador no se hace problema por la falta de documentaci\u00f3n y dice que &#8220;asume la obligaci\u00f3n de arbitrar los medios para tomar vista y en su caso tomar posesi\u00f3n de los mismos, debiendo para ello peticionar o solicitar la autorizaci\u00f3n correspondiente al Juez del concurso, la IGJ, o a quien corresponda&#8221;, acept\u00f3 Calder\u00f3n seg\u00fan reza el contrato; instrumento que fue presentado ante el Juzgado de Ejecuci\u00f3n por el abogado Miguel \u00c1ngel Constantinoff.<\/p>\n\n\n\n<p><strong>TODOS BAJO EL MISMO PARAGUAS<\/strong><\/p>\n\n\n\n<p>Diez d\u00edas despu\u00e9s del traspaso accionario, Constantinoff se presenta como patrocinante del nuevo accionista mayoritario Luis Dar\u00edo Calder\u00f3n ante el juzgado que tramita el concurso preventivo de FyRSA.<\/p>\n\n\n\n<figure class=\"wp-block-image size-full\"><a href=\"https:\/\/partedepesca.com.ar\/d\/wp-content\/uploads\/2023\/06\/fyrsa-letrados-del-nuevo-accionista.jpg\"><img fetchpriority=\"high\" decoding=\"async\" width=\"906\" height=\"606\" src=\"https:\/\/partedepesca.com.ar\/d\/wp-content\/uploads\/2023\/06\/fyrsa-letrados-del-nuevo-accionista.jpg\" alt=\"\" class=\"wp-image-2564\" srcset=\"https:\/\/partedepesca.com.ar\/d\/wp-content\/uploads\/2023\/06\/fyrsa-letrados-del-nuevo-accionista.jpg 906w, https:\/\/partedepesca.com.ar\/d\/wp-content\/uploads\/2023\/06\/fyrsa-letrados-del-nuevo-accionista-300x201.jpg 300w, https:\/\/partedepesca.com.ar\/d\/wp-content\/uploads\/2023\/06\/fyrsa-letrados-del-nuevo-accionista-768x514.jpg 768w, https:\/\/partedepesca.com.ar\/d\/wp-content\/uploads\/2023\/06\/fyrsa-letrados-del-nuevo-accionista-150x100.jpg 150w, https:\/\/partedepesca.com.ar\/d\/wp-content\/uploads\/2023\/06\/fyrsa-letrados-del-nuevo-accionista-450x301.jpg 450w\" sizes=\"(max-width: 906px) 100vw, 906px\" \/><\/a><\/figure>\n\n\n\n<p>En el petitorio le solicitaron al juez Mures que haga entrega de los libros societarios, se lo tenga por presentado ante el Sistema Serconex, se suspendan los plazos procesales hasta tanto se inscriba la Cesi\u00f3n de Acciones, y &#8220;se autorice a los doctores Miguel \u00c1ngel Constantinoff y\/o Alberto Gilardino a retirar dicha documentaci\u00f3n con la mayor urgencia del caso&#8221;.<\/p>\n\n\n\n<p>Casi simult\u00e1neamente, Gilardino presenta, ahora en representaci\u00f3n de Juan Flori, titular del Montecatini S.A.S., una propuesta &#8220;para una locaci\u00f3n por un plazo de 5 a\u00f1os, prorrogables por igual periodo, con un valor a convenir, del establecimiento que FyRSA posee en la ciudad de Rawson&#8221;.<\/p>\n\n\n\n<figure class=\"wp-block-image size-large\"><a href=\"https:\/\/partedepesca.com.ar\/d\/wp-content\/uploads\/2023\/06\/fyrsa-propuesta-de-alquiler.jpg\"><img decoding=\"async\" width=\"1024\" height=\"526\" src=\"https:\/\/partedepesca.com.ar\/d\/wp-content\/uploads\/2023\/06\/fyrsa-propuesta-de-alquiler-1024x526.jpg\" alt=\"\" class=\"wp-image-2565\" srcset=\"https:\/\/partedepesca.com.ar\/d\/wp-content\/uploads\/2023\/06\/fyrsa-propuesta-de-alquiler-1024x526.jpg 1024w, https:\/\/partedepesca.com.ar\/d\/wp-content\/uploads\/2023\/06\/fyrsa-propuesta-de-alquiler-300x154.jpg 300w, https:\/\/partedepesca.com.ar\/d\/wp-content\/uploads\/2023\/06\/fyrsa-propuesta-de-alquiler-768x395.jpg 768w, https:\/\/partedepesca.com.ar\/d\/wp-content\/uploads\/2023\/06\/fyrsa-propuesta-de-alquiler-150x77.jpg 150w, https:\/\/partedepesca.com.ar\/d\/wp-content\/uploads\/2023\/06\/fyrsa-propuesta-de-alquiler-450x231.jpg 450w, https:\/\/partedepesca.com.ar\/d\/wp-content\/uploads\/2023\/06\/fyrsa-propuesta-de-alquiler.jpg 1164w\" sizes=\"(max-width: 1024px) 100vw, 1024px\" \/><\/a><\/figure>\n\n\n\n<p>Montecatini, domiciliada en Trelew, le ofrece al juez Horacio Mures una serie de \u2018cartas de intenci\u00f3n\u2019, una de ellas firmadas por Mateo Speranza, quien en su perfil profesional se presenta como gerente comercial de Marbor Chile, la misma empresa de Punta Arenas en la que Marcelo Figueroa indica pertenecer desde diciembre de 2022 a la actualidad, y en el <a href=\"http:\/\/www.marbor.cl\/services.html\" target=\"_blank\" rel=\"noopener\" title=\"\">sitio oficial Marbor Chile<\/a> se\u00f1ala que tiene una planta pesquera en Rawson a nombre de Figueroa.<\/p>\n\n\n\n<p><strong>DESDE LAS SOMBRAS<\/strong><\/p>\n\n\n\n<p>Cuando irrumpieron en el control de la sociedad Tom\u00e1s Oliver y la monotributista de Trelew salieron de escena los hasta entonces due\u00f1os Daniel Rodr\u00edguez y Marcelo Alejandro Figueroa Trujillo, aunque este \u00faltimo no se habr\u00eda ido del todo, y hay quienes sostienen que tiene un rol activo en estos \u00faltimos movimientos.<\/p>\n\n\n\n<p>Por esas casualidades, seg\u00fan consta en las actas accionarias, el \u2018ex due\u00f1o\u2019 y el \u2018nuevo due\u00f1o\u2019 tienen domicilios a metros de distancia; son de la misma vecindad. Y, son tantas las casualidades, que el que quiere alquilar la pesquera le ofrece al magistrado cartas de intensi\u00f3n con empresas vinculadas a Figueroa. <\/p>\n\n\n\n<p>Los conocedores de este entramado aseguran que Figueroa es igual que el sol. Aunque no lo veamos siempre est\u00e1.<\/p>\n\n\n<div class=\"wp-block-image\">\n<figure class=\"aligncenter size-large\"><a href=\"https:\/\/partedepesca.com.ar\/d\/wp-content\/uploads\/2023\/06\/marbor-chile.jpg\"><img decoding=\"async\" width=\"595\" height=\"1024\" src=\"https:\/\/partedepesca.com.ar\/d\/wp-content\/uploads\/2023\/06\/marbor-chile-595x1024.jpg\" alt=\"\" class=\"wp-image-2566\" srcset=\"https:\/\/partedepesca.com.ar\/d\/wp-content\/uploads\/2023\/06\/marbor-chile-595x1024.jpg 595w, https:\/\/partedepesca.com.ar\/d\/wp-content\/uploads\/2023\/06\/marbor-chile-174x300.jpg 174w, https:\/\/partedepesca.com.ar\/d\/wp-content\/uploads\/2023\/06\/marbor-chile-768x1322.jpg 768w, https:\/\/partedepesca.com.ar\/d\/wp-content\/uploads\/2023\/06\/marbor-chile-892x1536.jpg 892w, https:\/\/partedepesca.com.ar\/d\/wp-content\/uploads\/2023\/06\/marbor-chile-150x258.jpg 150w, https:\/\/partedepesca.com.ar\/d\/wp-content\/uploads\/2023\/06\/marbor-chile-450x775.jpg 450w, https:\/\/partedepesca.com.ar\/d\/wp-content\/uploads\/2023\/06\/marbor-chile.jpg 934w\" sizes=\"(max-width: 595px) 100vw, 595px\" \/><\/a><\/figure>\n<\/div>","protected":false},"excerpt":{"rendered":"<p>El caso de la pesquera FyRSA sigue sumando cap\u00edtulos a su controvertido historial mientras atraviesa una etapa concursal al filo de la quiebra. Esta semana se present\u00f3 ante el Juzgado de Ejecuci\u00f3n de Puerto Madryn, a cargo del Dr. Luis Horacio Mures, donde se tramita el concurso preventivo de la empresa, un nuevo contrato de<\/p>\n","protected":false},"author":3,"featured_media":2563,"comment_status":"open","ping_status":"open","sticky":false,"template":"","format":"standard","meta":{"om_disable_all_campaigns":false,"_monsterinsights_skip_tracking":false,"_monsterinsights_sitenote_active":false,"_monsterinsights_sitenote_note":"","_monsterinsights_sitenote_category":0,"footnotes":""},"categories":[9],"tags":[91,193,312],"class_list":{"0":"post-2562","1":"post","2":"type-post","3":"status-publish","4":"format-standard","5":"has-post-thumbnail","7":"category-actualidad","8":"tag-featured","9":"tag-fyrsa","10":"tag-marcelo-figueroa"},"aioseo_notices":[],"amp_enabled":true,"_links":{"self":[{"href":"https:\/\/partedepesca.com.ar\/d\/wp-json\/wp\/v2\/posts\/2562","targetHints":{"allow":["GET"]}}],"collection":[{"href":"https:\/\/partedepesca.com.ar\/d\/wp-json\/wp\/v2\/posts"}],"about":[{"href":"https:\/\/partedepesca.com.ar\/d\/wp-json\/wp\/v2\/types\/post"}],"author":[{"embeddable":true,"href":"https:\/\/partedepesca.com.ar\/d\/wp-json\/wp\/v2\/users\/3"}],"replies":[{"embeddable":true,"href":"https:\/\/partedepesca.com.ar\/d\/wp-json\/wp\/v2\/comments?post=2562"}],"version-history":[{"count":4,"href":"https:\/\/partedepesca.com.ar\/d\/wp-json\/wp\/v2\/posts\/2562\/revisions"}],"predecessor-version":[{"id":2570,"href":"https:\/\/partedepesca.com.ar\/d\/wp-json\/wp\/v2\/posts\/2562\/revisions\/2570"}],"wp:featuredmedia":[{"embeddable":true,"href":"https:\/\/partedepesca.com.ar\/d\/wp-json\/wp\/v2\/media\/2563"}],"wp:attachment":[{"href":"https:\/\/partedepesca.com.ar\/d\/wp-json\/wp\/v2\/media?parent=2562"}],"wp:term":[{"taxonomy":"category","embeddable":true,"href":"https:\/\/partedepesca.com.ar\/d\/wp-json\/wp\/v2\/categories?post=2562"},{"taxonomy":"post_tag","embeddable":true,"href":"https:\/\/partedepesca.com.ar\/d\/wp-json\/wp\/v2\/tags?post=2562"}],"curies":[{"name":"wp","href":"https:\/\/api.w.org\/{rel}","templated":true}]}}