{"id":2535,"date":"2023-06-07T12:21:13","date_gmt":"2023-06-07T12:21:13","guid":{"rendered":"https:\/\/partedepesca.com.ar\/d\/?p=2535"},"modified":"2023-06-09T10:06:17","modified_gmt":"2023-06-09T10:06:17","slug":"el-sector-pesquero-advierte-que-las-restricciones-cambiarias-encarecen-el-comercio-exterior","status":"publish","type":"post","link":"https:\/\/partedepesca.com.ar\/d\/el-sector-pesquero-advierte-que-las-restricciones-cambiarias-encarecen-el-comercio-exterior\/","title":{"rendered":"El sector pesquero advierte que las restricciones cambiarias encarecen el comercio exterior"},"content":{"rendered":"\n<p>La delicada coyuntura econ\u00f3mica nacional que profundiza el cepo al d\u00f3lar en sus diferentes modalidades ha provocado distorsiones en la operatoria de comercio exterior, y los fletes mar\u00edtimos se han visto alcanzados por estas vicisitudes.<\/p>\n\n\n\n<p>La CAPIP le envi\u00f3 una nota al representante de Chubut ante el Consejo Federal Pesquero (CFP), Adri\u00e1n Awstin, para ponerlo en conocimiento sobre la problem\u00e1tica surgida con los fletes mar\u00edtimos y solicitan que se gestiones medidas al respecto para evitar una mayor p\u00e9rdida de competitividad al sector pesquero argentino.<\/p>\n\n\n\n<p>La entidad empresarial que agrupa a compa\u00f1\u00edas dedicadas al procesamiento y comercializaci\u00f3n de distintos productos ict\u00edcolas, en su mayor\u00eda con destino al mercado internacional, advierte &#8220;a las autoridades los serios problemas que se comenzaron a vislumbrar, en raz\u00f3n de las distintas medidas restrictivas impuestas por el Banco Central de la Rep\u00fablica Argentina (BCRA), mediante la Comunicaci\u00f3n 7746&#8221;, tal como lo anticip\u00f3 <strong>PARTE DE PESCA<\/strong> cuando empezaron a surgir <a href=\"https:\/\/partedepesca.com.ar\/d\/alerta-por-posible-freno-a-operaciones-de-comercio-exterior\/\" target=\"_blank\" rel=\"noopener\" title=\"\">alertas por posible freno a operaciones de comercio exterior<\/a>.<\/p>\n\n\n\n<p>Las pesqueras pusieron en conocimiento a Awstin y del Consejo Federal Pesquero que &#8220;el BCRA emiti\u00f3 el 20\/04\/23 la Comunicaci\u00f3n &#8220;A&#8221; 7746 por la cual se dispuso, entre otras medidas, la postergaci\u00f3n del pago por 90 d\u00edas de los fletes mar\u00edtimos entre empresas vinculadas&#8221;.<\/p>\n\n\n\n<p>&#8220;Este esquema ahora contempla el cobro de fletes en pesos, para que reci\u00e9n luego de cumplidos 90 d\u00edas se puedan adquirir las divisas suficientes para efectuar las remesas correspondientes a dichos pagos&#8221;, indicaron.<\/p>\n\n\n\n<p>Esto conllev\u00f3 a que las agencias mar\u00edtimas que cobran el flete, reci\u00e9n podr\u00e1n transferirlo a la naviera dentro de tres meses, adem\u00e1s de requerirse una nueva autorizaci\u00f3n del Banco Central. Ante esta compleja coyuntura, varias navieras informaron que todas las facturas de los env\u00edos a la Argentina deber\u00e1n ser abonadas en origen. Concretamente, <a href=\"https:\/\/partedepesca.com.ar\/d\/ante-medidas-restrictivas-del-bcra-navieras-cobran-fletes-en-el-exterior\/\" target=\"_blank\" rel=\"noopener\" title=\"\">ante medidas restrictivas del BCRA, navieras cobran fletes en el exterior<\/a>.<\/p>\n\n\n\n<p>CAPIP alerta que &#8220;no sorprender\u00e1, entonces, indicar que esto altera de sobremanera las condiciones estipuladas por los importadores y exportadores. No solo los exportadores deber\u00e1n abonar el flete, sino que adem\u00e1s los operadores de la cadena log\u00edstica del comercio exterior se ver\u00e1n imposibilitados de operar en el mercado de cambios, a los efectos de cumplir con el pago y posterior remesa de los fletes percibidos en esta plaza a sus beneficiarios en el extranjero, en raz\u00f3n de las medidas restrictivas vigentes&#8221;.<\/p>\n\n\n\n<p>En este marco ponen de relieve que &#8220;esto genera una clara p\u00e9rdida de competitividad a las exportaciones argentinas, encareciendo el comercio exterior&#8221;.<\/p>\n","protected":false},"excerpt":{"rendered":"<p>La delicada coyuntura econ\u00f3mica nacional que profundiza el cepo al d\u00f3lar en sus diferentes modalidades ha provocado distorsiones en la operatoria de comercio exterior, y los fletes mar\u00edtimos se han visto alcanzados por estas vicisitudes. La CAPIP le envi\u00f3 una nota al representante de Chubut ante el Consejo Federal Pesquero (CFP), Adri\u00e1n Awstin, para ponerlo<\/p>\n","protected":false},"author":3,"featured_media":2536,"comment_status":"open","ping_status":"open","sticky":false,"template":"","format":"standard","meta":{"om_disable_all_campaigns":false,"_monsterinsights_skip_tracking":false,"_monsterinsights_sitenote_active":false,"_monsterinsights_sitenote_note":"","_monsterinsights_sitenote_category":0,"footnotes":""},"categories":[9],"tags":[91],"class_list":{"0":"post-2535","1":"post","2":"type-post","3":"status-publish","4":"format-standard","5":"has-post-thumbnail","7":"category-actualidad","8":"tag-featured"},"aioseo_notices":[],"amp_enabled":true,"_links":{"self":[{"href":"https:\/\/partedepesca.com.ar\/d\/wp-json\/wp\/v2\/posts\/2535","targetHints":{"allow":["GET"]}}],"collection":[{"href":"https:\/\/partedepesca.com.ar\/d\/wp-json\/wp\/v2\/posts"}],"about":[{"href":"https:\/\/partedepesca.com.ar\/d\/wp-json\/wp\/v2\/types\/post"}],"author":[{"embeddable":true,"href":"https:\/\/partedepesca.com.ar\/d\/wp-json\/wp\/v2\/users\/3"}],"replies":[{"embeddable":true,"href":"https:\/\/partedepesca.com.ar\/d\/wp-json\/wp\/v2\/comments?post=2535"}],"version-history":[{"count":3,"href":"https:\/\/partedepesca.com.ar\/d\/wp-json\/wp\/v2\/posts\/2535\/revisions"}],"predecessor-version":[{"id":2539,"href":"https:\/\/partedepesca.com.ar\/d\/wp-json\/wp\/v2\/posts\/2535\/revisions\/2539"}],"wp:featuredmedia":[{"embeddable":true,"href":"https:\/\/partedepesca.com.ar\/d\/wp-json\/wp\/v2\/media\/2536"}],"wp:attachment":[{"href":"https:\/\/partedepesca.com.ar\/d\/wp-json\/wp\/v2\/media?parent=2535"}],"wp:term":[{"taxonomy":"category","embeddable":true,"href":"https:\/\/partedepesca.com.ar\/d\/wp-json\/wp\/v2\/categories?post=2535"},{"taxonomy":"post_tag","embeddable":true,"href":"https:\/\/partedepesca.com.ar\/d\/wp-json\/wp\/v2\/tags?post=2535"}],"curies":[{"name":"wp","href":"https:\/\/api.w.org\/{rel}","templated":true}]}}