{"id":2532,"date":"2023-06-07T12:08:11","date_gmt":"2023-06-07T12:08:11","guid":{"rendered":"https:\/\/partedepesca.com.ar\/d\/?p=2532"},"modified":"2023-06-08T23:03:48","modified_gmt":"2023-06-08T23:03:48","slug":"posponen-la-implementacion-de-camaras-a-bordo-de-buques-pesqueros","status":"publish","type":"post","link":"https:\/\/partedepesca.com.ar\/d\/posponen-la-implementacion-de-camaras-a-bordo-de-buques-pesqueros\/","title":{"rendered":"Posponen la implementaci\u00f3n de c\u00e1maras a bordo de buques pesqueros"},"content":{"rendered":"\n<p>Mediante la Disposici\u00f3n N\u00b0 205\/2023, la Subsecretar\u00eda de Pesca de la Naci\u00f3n estableci\u00f3 una pr\u00f3rroga por el t\u00e9rmino de 18 meses para que la Direcci\u00f3n Nacional de Coordinaci\u00f3n y Fiscalizaci\u00f3n Pesquera culmine con el desarrollo del Sistema de Control y Fiscalizaci\u00f3n mediante la utilizaci\u00f3n de C\u00e1maras a Bordo de buques pesqueros.<\/p>\n\n\n\n<p>Seg\u00fan se inform\u00f3, dicha medida se ha dictado luego de un a\u00f1o y medio de trabajo con INVAP S.E, el cual consisti\u00f3 en el an\u00e1lisis contextual de los requerimientos funcionales para abordar el dise\u00f1o conceptual del sistema de fiscalizaci\u00f3n desde el enfoque t\u00e9cnico, como as\u00ed tambi\u00e9n, numerosas actividades que dieron como resultado 19 relevamientos de campo, de los cuales participaron integrantes de la Universidad Nacional de Mar del Plata, la UTN -Facultad Regional Mar del Plata, Chubut y Tierra del Fuego, Ant\u00e1rtida e Islas del Atl\u00e1ntico Sur-, el INIDEP, el Cuerpo Nacional de Inspectoras\/es de Pesca, las Delegaciones Nacionales de Pesca, la Direcci\u00f3n de Control y Fiscalizaci\u00f3n, la Direcci\u00f3n de Administraci\u00f3n Pesquera y la Coordinaci\u00f3n de An\u00e1lisis de Infracciones y Sanciones, como as\u00ed tambi\u00e9n, se solicit\u00f3 la intervenci\u00f3n, opini\u00f3n y participaci\u00f3n del proyecto a las y los representantes de los sectores m\u00e1s relevantes de la pesca mar\u00edtima industrial.<\/p>\n\n\n\n<p>La demora en la implementaci\u00f3n se atribuye a \u201cuna gran cantidad de situaciones coyunturales relacionadas con medidas sanitarias adoptadas por la pandemia COVID-19, fluctuaciones del d\u00f3lar y cambios presupuestarios, impacto econ\u00f3mico y pol\u00edtico de la guerra entre Rusia y Ucrania, y cuestiones humanas, biol\u00f3gicas y climatol\u00f3gicas, entre tantas otras, que han influido negativamente en los plazos inicialmente pautados.<\/p>\n\n\n\n<p>El director Nacional de Coordinaci\u00f3n y Fiscalizaci\u00f3n Pesquera, Dr. Juli\u00e1n Su\u00e1rez mencion\u00f3 que, desde el dictado de la Disposici\u00f3n SSPyA N\u00b0 52\/21, \u201ctrabajamos arduamente con INVAP S.E para avanzar con el proyecto de c\u00e1maras a bordo y que, m\u00e1s all\u00e1 de las circunstancias desfavorables que debimos atravesar en estos a\u00f1os de gesti\u00f3n, la responsabilidad primaria sobre la concreci\u00f3n de esta iniciativa recae directamente en la Direcci\u00f3n Nacional a mi cargo, por lo cual continuaremos realizando las acciones tendientes para la ejecuci\u00f3n y cristalizaci\u00f3n del proyecto\u201d.<\/p>\n","protected":false},"excerpt":{"rendered":"<p>Mediante la Disposici\u00f3n N\u00b0 205\/2023, la Subsecretar\u00eda de Pesca de la Naci\u00f3n estableci\u00f3 una pr\u00f3rroga por el t\u00e9rmino de 18 meses para que la Direcci\u00f3n Nacional de Coordinaci\u00f3n y Fiscalizaci\u00f3n Pesquera culmine con el desarrollo del Sistema de Control y Fiscalizaci\u00f3n mediante la utilizaci\u00f3n de C\u00e1maras a Bordo de buques pesqueros. Seg\u00fan se inform\u00f3, dicha<\/p>\n","protected":false},"author":3,"featured_media":2533,"comment_status":"open","ping_status":"open","sticky":false,"template":"","format":"standard","meta":{"om_disable_all_campaigns":false,"_monsterinsights_skip_tracking":false,"_monsterinsights_sitenote_active":false,"_monsterinsights_sitenote_note":"","_monsterinsights_sitenote_category":0,"footnotes":""},"categories":[9],"tags":[91],"class_list":{"0":"post-2532","1":"post","2":"type-post","3":"status-publish","4":"format-standard","5":"has-post-thumbnail","7":"category-actualidad","8":"tag-featured"},"aioseo_notices":[],"amp_enabled":true,"_links":{"self":[{"href":"https:\/\/partedepesca.com.ar\/d\/wp-json\/wp\/v2\/posts\/2532","targetHints":{"allow":["GET"]}}],"collection":[{"href":"https:\/\/partedepesca.com.ar\/d\/wp-json\/wp\/v2\/posts"}],"about":[{"href":"https:\/\/partedepesca.com.ar\/d\/wp-json\/wp\/v2\/types\/post"}],"author":[{"embeddable":true,"href":"https:\/\/partedepesca.com.ar\/d\/wp-json\/wp\/v2\/users\/3"}],"replies":[{"embeddable":true,"href":"https:\/\/partedepesca.com.ar\/d\/wp-json\/wp\/v2\/comments?post=2532"}],"version-history":[{"count":1,"href":"https:\/\/partedepesca.com.ar\/d\/wp-json\/wp\/v2\/posts\/2532\/revisions"}],"predecessor-version":[{"id":2534,"href":"https:\/\/partedepesca.com.ar\/d\/wp-json\/wp\/v2\/posts\/2532\/revisions\/2534"}],"wp:featuredmedia":[{"embeddable":true,"href":"https:\/\/partedepesca.com.ar\/d\/wp-json\/wp\/v2\/media\/2533"}],"wp:attachment":[{"href":"https:\/\/partedepesca.com.ar\/d\/wp-json\/wp\/v2\/media?parent=2532"}],"wp:term":[{"taxonomy":"category","embeddable":true,"href":"https:\/\/partedepesca.com.ar\/d\/wp-json\/wp\/v2\/categories?post=2532"},{"taxonomy":"post_tag","embeddable":true,"href":"https:\/\/partedepesca.com.ar\/d\/wp-json\/wp\/v2\/tags?post=2532"}],"curies":[{"name":"wp","href":"https:\/\/api.w.org\/{rel}","templated":true}]}}