{"id":2507,"date":"2023-06-01T19:54:52","date_gmt":"2023-06-01T19:54:52","guid":{"rendered":"https:\/\/partedepesca.com.ar\/d\/?p=2507"},"modified":"2023-10-14T01:52:52","modified_gmt":"2023-10-14T01:52:52","slug":"este-viernes-abren-aguas-nacionales-para-la-pesca-de-langostino","status":"publish","type":"post","link":"https:\/\/partedepesca.com.ar\/d\/este-viernes-abren-aguas-nacionales-para-la-pesca-de-langostino\/","title":{"rendered":"Este viernes abren aguas nacionales para la pesca de langostino"},"content":{"rendered":"\n<p>El director Nacional de Coordinaci\u00f3n y Fiscalizaci\u00f3n Pesquera, Dr. Juli\u00e1n Su\u00e1rez, comunic\u00f3 esta tarde a la Prefectura Naval Argentina la decisi\u00f3n de la Subsecretar\u00eda de Pesca de la Naci\u00f3n de la apertura a la pesca de Langostino (Pleoticus Muelleri) en las Sub-\u00e1reas N\u00b0 13, 15 y 16 dentro del \u00c1rea de Veda Permanente de Juveniles de Merluza (AVPJM).<\/p>\n\n\n\n<p>La determinaci\u00f3n de la autoridad de aplicaci\u00f3n se adopt\u00f3 \u201ca partir de los resultados favorables sobre los principales indicadores biol\u00f3gicos de la prospecci\u00f3n, informados por el INIDEP y de conformidad con la recomendaci\u00f3n efectuada por dicho Instituto, se ha dispuesto la habilitaci\u00f3n a la pesca comercial de Langostino (Pleoticus Muelleri) en las referidas Sub-\u00e1reas N\u00b0 13, 15 y 16, a partir del d\u00eda viernes 2 de junio del corriente\u201d, precisa la informaci\u00f3n oficial.<\/p>\n\n\n\n<p>En este contexto, se autoriza la entrada de Buques Pesqueros a la hora 00:00 del d\u00eda viernes, para facilitar la actividad de b\u00fasqueda ecoica de concentraciones de langostino, con un horario de comienzo de las operaciones de pesca a partir de las 7:00 horas.<\/p>\n","protected":false},"excerpt":{"rendered":"<p>El director Nacional de Coordinaci\u00f3n y Fiscalizaci\u00f3n Pesquera, Dr. Juli\u00e1n Su\u00e1rez, comunic\u00f3 esta tarde a la Prefectura Naval Argentina la decisi\u00f3n de la Subsecretar\u00eda de Pesca de la Naci\u00f3n de la apertura a la pesca de Langostino (Pleoticus Muelleri) en las Sub-\u00e1reas N\u00b0 13, 15 y 16 dentro del \u00c1rea de Veda Permanente de Juveniles<\/p>\n","protected":false},"author":3,"featured_media":2508,"comment_status":"open","ping_status":"open","sticky":false,"template":"","format":"standard","meta":{"om_disable_all_campaigns":false,"_monsterinsights_skip_tracking":false,"_monsterinsights_sitenote_active":false,"_monsterinsights_sitenote_note":"","_monsterinsights_sitenote_category":0,"footnotes":""},"categories":[9],"tags":[237,91,153,299],"class_list":{"0":"post-2507","1":"post","2":"type-post","3":"status-publish","4":"format-standard","5":"has-post-thumbnail","7":"category-actualidad","8":"tag-aguas-nacionales","9":"tag-featured","10":"tag-pleoticus-muelleri","11":"tag-temporada-de-langostino"},"aioseo_notices":[],"amp_enabled":true,"_links":{"self":[{"href":"https:\/\/partedepesca.com.ar\/d\/wp-json\/wp\/v2\/posts\/2507","targetHints":{"allow":["GET"]}}],"collection":[{"href":"https:\/\/partedepesca.com.ar\/d\/wp-json\/wp\/v2\/posts"}],"about":[{"href":"https:\/\/partedepesca.com.ar\/d\/wp-json\/wp\/v2\/types\/post"}],"author":[{"embeddable":true,"href":"https:\/\/partedepesca.com.ar\/d\/wp-json\/wp\/v2\/users\/3"}],"replies":[{"embeddable":true,"href":"https:\/\/partedepesca.com.ar\/d\/wp-json\/wp\/v2\/comments?post=2507"}],"version-history":[{"count":2,"href":"https:\/\/partedepesca.com.ar\/d\/wp-json\/wp\/v2\/posts\/2507\/revisions"}],"predecessor-version":[{"id":3298,"href":"https:\/\/partedepesca.com.ar\/d\/wp-json\/wp\/v2\/posts\/2507\/revisions\/3298"}],"wp:featuredmedia":[{"embeddable":true,"href":"https:\/\/partedepesca.com.ar\/d\/wp-json\/wp\/v2\/media\/2508"}],"wp:attachment":[{"href":"https:\/\/partedepesca.com.ar\/d\/wp-json\/wp\/v2\/media?parent=2507"}],"wp:term":[{"taxonomy":"category","embeddable":true,"href":"https:\/\/partedepesca.com.ar\/d\/wp-json\/wp\/v2\/categories?post=2507"},{"taxonomy":"post_tag","embeddable":true,"href":"https:\/\/partedepesca.com.ar\/d\/wp-json\/wp\/v2\/tags?post=2507"}],"curies":[{"name":"wp","href":"https:\/\/api.w.org\/{rel}","templated":true}]}}