{"id":2482,"date":"2023-05-29T23:46:37","date_gmt":"2023-05-29T23:46:37","guid":{"rendered":"https:\/\/partedepesca.com.ar\/d\/?p=2482"},"modified":"2023-05-30T16:29:15","modified_gmt":"2023-05-30T16:29:15","slug":"en-el-bp-bagual-el-primer-oficial-no-se-desempenara-mas-en-cubierta","status":"publish","type":"post","link":"https:\/\/partedepesca.com.ar\/d\/en-el-bp-bagual-el-primer-oficial-no-se-desempenara-mas-en-cubierta\/","title":{"rendered":"En el \u2018BP Bagual\u2019, el Primer Oficial no se desempe\u00f1ar\u00e1 m\u00e1s en cubierta"},"content":{"rendered":"\n<p>La Asociaci\u00f3n Argentina de Capitanes de Pesca puso en valor la decisi\u00f3n de los propietarios de un buque de la flota amarilla de Chubut al incorporar un marinero a la tripulaci\u00f3n, desafectando a un oficial a que haga tareas de cubierta, sino que este se dedique exclusivamente a sus funciones propias de la navegaci\u00f3n.<\/p>\n\n\n\n<p>La entidad que agrupa a los capitanes ratific\u00f3 \u201cque los oficiales de puente deben dedicarse exclusivamente a su funci\u00f3n y as\u00ed lo reflejamos en los Convenios Colectivos de Trabajo, como tambi\u00e9n rechazamos absolutamente realizar tareas de mariner\u00eda entendiendo que el descanso psicof\u00edsico es imprescindible para contar con mayor seguridad n\u00e1utica\u201d.<\/p>\n\n\n\n<p>En ese marco, \u201ccelebramos la decisi\u00f3n tomada por el empresario pesquero Juan Carlos Ottulich y Alicia Bain, de agregar una cucheta m\u00e1s en el buque pesquero costero Bagual, con el fin de sumar un marinero m\u00e1s y valorizar el descanso del Capit\u00e1n y el Oficial, quienes se dedicar\u00e1n exclusivamente a atender sus obligaciones laborales y n\u00e1uticas\u201d, manifestaron este lunes.<\/p>\n\n\n\n<p>\u201cLo que los armadores del Bagual realmente hacen es priorizar la seguridad n\u00e1utica y la calidad de la pesca obtenida, y no es casual que este gran paso cualitativo lo realice Juan Carlos Ottulich, que como hombre de mar y pescador con larga trayectoria sabe que el descanso es primordial para la seguridad n\u00e1utica y como empresario valora m\u00e1s la tranquilidad que el costo de un trabajador m\u00e1s, lo que es ni m\u00e1s ni menos que el sustento de otra familia\u201d, indicaron desde la Asociaci\u00f3n de Capitanes.<\/p>\n\n\n\n<p>\u201cSe agrega un marinero para que el segundo capit\u00e1n y el maquinista no bajen a cubierta, respetando que los oficiales son oficiales y la responsabilidad del cargo que desempe\u00f1an no es juntar pescado en cubierta sino en puente o m\u00e1quina con sus respectivas guardias\u201d, explic\u00f3 el propietario de la embarcaci\u00f3n al fundamentar la decisi\u00f3n.<\/p>\n","protected":false},"excerpt":{"rendered":"<p>La Asociaci\u00f3n Argentina de Capitanes de Pesca puso en valor la decisi\u00f3n de los propietarios de un buque de la flota amarilla de Chubut al incorporar un marinero a la tripulaci\u00f3n, desafectando a un oficial a que haga tareas de cubierta, sino que este se dedique exclusivamente a sus funciones propias de la navegaci\u00f3n. La<\/p>\n","protected":false},"author":3,"featured_media":2483,"comment_status":"open","ping_status":"open","sticky":false,"template":"","format":"standard","meta":{"om_disable_all_campaigns":false,"_monsterinsights_skip_tracking":false,"_monsterinsights_sitenote_active":false,"_monsterinsights_sitenote_note":"","_monsterinsights_sitenote_category":0,"footnotes":""},"categories":[9],"tags":[289,288,91],"class_list":{"0":"post-2482","1":"post","2":"type-post","3":"status-publish","4":"format-standard","5":"has-post-thumbnail","7":"category-actualidad","8":"tag-asociacion-de-capitanes-de-pesca","9":"tag-bp-bagual","10":"tag-featured"},"aioseo_notices":[],"amp_enabled":true,"_links":{"self":[{"href":"https:\/\/partedepesca.com.ar\/d\/wp-json\/wp\/v2\/posts\/2482","targetHints":{"allow":["GET"]}}],"collection":[{"href":"https:\/\/partedepesca.com.ar\/d\/wp-json\/wp\/v2\/posts"}],"about":[{"href":"https:\/\/partedepesca.com.ar\/d\/wp-json\/wp\/v2\/types\/post"}],"author":[{"embeddable":true,"href":"https:\/\/partedepesca.com.ar\/d\/wp-json\/wp\/v2\/users\/3"}],"replies":[{"embeddable":true,"href":"https:\/\/partedepesca.com.ar\/d\/wp-json\/wp\/v2\/comments?post=2482"}],"version-history":[{"count":1,"href":"https:\/\/partedepesca.com.ar\/d\/wp-json\/wp\/v2\/posts\/2482\/revisions"}],"predecessor-version":[{"id":2484,"href":"https:\/\/partedepesca.com.ar\/d\/wp-json\/wp\/v2\/posts\/2482\/revisions\/2484"}],"wp:featuredmedia":[{"embeddable":true,"href":"https:\/\/partedepesca.com.ar\/d\/wp-json\/wp\/v2\/media\/2483"}],"wp:attachment":[{"href":"https:\/\/partedepesca.com.ar\/d\/wp-json\/wp\/v2\/media?parent=2482"}],"wp:term":[{"taxonomy":"category","embeddable":true,"href":"https:\/\/partedepesca.com.ar\/d\/wp-json\/wp\/v2\/categories?post=2482"},{"taxonomy":"post_tag","embeddable":true,"href":"https:\/\/partedepesca.com.ar\/d\/wp-json\/wp\/v2\/tags?post=2482"}],"curies":[{"name":"wp","href":"https:\/\/api.w.org\/{rel}","templated":true}]}}