{"id":2470,"date":"2023-05-28T01:13:51","date_gmt":"2023-05-28T01:13:51","guid":{"rendered":"https:\/\/partedepesca.com.ar\/d\/?p=2470"},"modified":"2023-05-30T00:04:44","modified_gmt":"2023-05-30T00:04:44","slug":"el-somu-pide-liquidar-salarios-con-un-dolar-a-300-pesos","status":"publish","type":"post","link":"https:\/\/partedepesca.com.ar\/d\/el-somu-pide-liquidar-salarios-con-un-dolar-a-300-pesos\/","title":{"rendered":"El SOMU marplatense pide liquidar salarios con un d\u00f3lar a 300 pesos"},"content":{"rendered":"\n<p>El planteo se inici\u00f3 durante el fin de semana largo desde la delegaci\u00f3n Mar del Plata del Sindicato de Obreros Mar\u00edtimos Unidos (SOMU), cuando los marineros del buque Destiny (MN 03209) de la empresa Wanchese Argentina anunciaron demora en la zarpada hasta que se acuerde la liquidaci\u00f3n de sus salarios sobre el valor del \u201cd\u00f3lar agro\u201d y no al tipo del valor oficial.<\/p>\n\n\n\n<p>La seccional marplatense del gremio de la mariner\u00eda que conduce Oscar Emilio Bravo puso el tema en discusi\u00f3n cuando restan horas para el inicio de la prospecci\u00f3n de langostino en el \u00c1rea de Veda Permanente de Juveniles de Merluza y gener\u00f3 preocupaci\u00f3n en el sector si se impide la zarpada de buques nominados para realizar el relevamiento del recurso.<\/p>\n\n\n\n<p>El SOMU de Mar del Plata denunci\u00f3 un conflicto y solicit\u00f3 intervenci\u00f3n y audiencia al Ministerio de Trabajo de la Naci\u00f3n a partir de reiterados reclamos de trabajadores ante la negativa de la empresa de liquidar los conceptos dolarizados de los salarios al valor de 300 pesos, en funci\u00f3n del beneficio establecido por el Decreto 194\/23 que extendi\u00f3 el Programa de Incremento Exportador a las Econom\u00edas Regionales, agreg\u00e1ndose las nomenclaturas de exportaci\u00f3n de productos pesqueros.<\/p>\n\n\n\n<p>Ante la posibilidad de la generalizaci\u00f3n de un conflicto, se habr\u00eda acordado una reuni\u00f3n para el inicio de semana pr\u00f3xima entre las diferentes c\u00e1maras empresariales, autoridades nacionales y del sindicato en cuesti\u00f3n, a fin de esclarecer los alcances del programa del Ministerio de Econom\u00eda que busca aumentar el ingreso de divisas a las reservas del Banco Central.<\/p>\n\n\n\n<p>Este s\u00e1bado, la empresa Wanchese Argentina a trav\u00e9s de su apoderado Pedro Ibar Bohnsdalen comunic\u00f3 al SOMU que &#8220;en su car\u00e1cter de armadora del buque Destiny, manifiesta en relaci\u00f3n al d\u00f3lar establecido por el Programa de Incremento Exportador, que ajustar\u00e1 las liquidaciones correspondientes a su tripulaci\u00f3n, en forma y condiciones que acuerden las c\u00e1maras empresariales que integran Interc\u00e1maras Pesqueras con los gremios de personal embarcado de buques pesqueros&#8221;, comunic\u00f3 la compa\u00f1\u00eda.<\/p>\n\n\n\n<figure class=\"wp-block-image size-large\"><a href=\"https:\/\/partedepesca.com.ar\/d\/wp-content\/uploads\/2023\/05\/350145697_771112681233069_476832739700580594_n.jpg\"><img fetchpriority=\"high\" decoding=\"async\" width=\"747\" height=\"1024\" src=\"https:\/\/partedepesca.com.ar\/d\/wp-content\/uploads\/2023\/05\/350145697_771112681233069_476832739700580594_n-747x1024.jpg\" alt=\"\" class=\"wp-image-2472\" srcset=\"https:\/\/partedepesca.com.ar\/d\/wp-content\/uploads\/2023\/05\/350145697_771112681233069_476832739700580594_n-747x1024.jpg 747w, https:\/\/partedepesca.com.ar\/d\/wp-content\/uploads\/2023\/05\/350145697_771112681233069_476832739700580594_n-219x300.jpg 219w, https:\/\/partedepesca.com.ar\/d\/wp-content\/uploads\/2023\/05\/350145697_771112681233069_476832739700580594_n-768x1053.jpg 768w, https:\/\/partedepesca.com.ar\/d\/wp-content\/uploads\/2023\/05\/350145697_771112681233069_476832739700580594_n-150x206.jpg 150w, https:\/\/partedepesca.com.ar\/d\/wp-content\/uploads\/2023\/05\/350145697_771112681233069_476832739700580594_n-450x617.jpg 450w, https:\/\/partedepesca.com.ar\/d\/wp-content\/uploads\/2023\/05\/350145697_771112681233069_476832739700580594_n.jpg 945w\" sizes=\"(max-width: 747px) 100vw, 747px\" \/><\/a><\/figure>\n\n\n\n<p>Las entidades empresariales no han emitido, hasta el momento, pronunciamiento oficial respecto a esta situaci\u00f3n imprevista, ante el inminente inicio de la temporada de langostino en aguas nacionales.<\/p>\n\n\n\n<p>Vale aclarar que no todas las empresas pesqueras adhirieron al \u201cd\u00f3lar agro\u201d, y que el tipo de cambio diferencial es estrictamente temporal hasta el 31 de agosto, y entre los requisitos y exigencias impuestas por el Ministerio de Econom\u00eda, que conduce Sergio Massa, no figura que sea de aplicaci\u00f3n para liquidaci\u00f3n de salarios. La cuesti\u00f3n comenzar\u00e1 a clarificarse en el inicio de semana cuando se concrete la reuni\u00f3n tripartida entre el Gobierno, sindicato y empresas.<\/p>\n","protected":false},"excerpt":{"rendered":"<p>El planteo se inici\u00f3 durante el fin de semana largo desde la delegaci\u00f3n Mar del Plata del Sindicato de Obreros Mar\u00edtimos Unidos (SOMU), cuando los marineros del buque Destiny (MN 03209) de la empresa Wanchese Argentina anunciaron demora en la zarpada hasta que se acuerde la liquidaci\u00f3n de sus salarios sobre el valor del \u201cd\u00f3lar<\/p>\n","protected":false},"author":3,"featured_media":2471,"comment_status":"open","ping_status":"open","sticky":false,"template":"","format":"standard","meta":{"om_disable_all_campaigns":false,"_monsterinsights_skip_tracking":false,"_monsterinsights_sitenote_active":false,"_monsterinsights_sitenote_note":"","_monsterinsights_sitenote_category":0,"footnotes":""},"categories":[9],"tags":[91],"class_list":{"0":"post-2470","1":"post","2":"type-post","3":"status-publish","4":"format-standard","5":"has-post-thumbnail","7":"category-actualidad","8":"tag-featured"},"aioseo_notices":[],"amp_enabled":true,"_links":{"self":[{"href":"https:\/\/partedepesca.com.ar\/d\/wp-json\/wp\/v2\/posts\/2470","targetHints":{"allow":["GET"]}}],"collection":[{"href":"https:\/\/partedepesca.com.ar\/d\/wp-json\/wp\/v2\/posts"}],"about":[{"href":"https:\/\/partedepesca.com.ar\/d\/wp-json\/wp\/v2\/types\/post"}],"author":[{"embeddable":true,"href":"https:\/\/partedepesca.com.ar\/d\/wp-json\/wp\/v2\/users\/3"}],"replies":[{"embeddable":true,"href":"https:\/\/partedepesca.com.ar\/d\/wp-json\/wp\/v2\/comments?post=2470"}],"version-history":[{"count":3,"href":"https:\/\/partedepesca.com.ar\/d\/wp-json\/wp\/v2\/posts\/2470\/revisions"}],"predecessor-version":[{"id":2476,"href":"https:\/\/partedepesca.com.ar\/d\/wp-json\/wp\/v2\/posts\/2470\/revisions\/2476"}],"wp:featuredmedia":[{"embeddable":true,"href":"https:\/\/partedepesca.com.ar\/d\/wp-json\/wp\/v2\/media\/2471"}],"wp:attachment":[{"href":"https:\/\/partedepesca.com.ar\/d\/wp-json\/wp\/v2\/media?parent=2470"}],"wp:term":[{"taxonomy":"category","embeddable":true,"href":"https:\/\/partedepesca.com.ar\/d\/wp-json\/wp\/v2\/categories?post=2470"},{"taxonomy":"post_tag","embeddable":true,"href":"https:\/\/partedepesca.com.ar\/d\/wp-json\/wp\/v2\/tags?post=2470"}],"curies":[{"name":"wp","href":"https:\/\/api.w.org\/{rel}","templated":true}]}}