{"id":2424,"date":"2023-05-19T17:12:14","date_gmt":"2023-05-19T17:12:14","guid":{"rendered":"https:\/\/partedepesca.com.ar\/d\/?p=2424"},"modified":"2023-05-22T22:50:42","modified_gmt":"2023-05-22T22:50:42","slug":"postergaron-el-inicio-de-la-prospeccion-de-langostino-para-el-29-de-mayo","status":"publish","type":"post","link":"https:\/\/partedepesca.com.ar\/d\/postergaron-el-inicio-de-la-prospeccion-de-langostino-para-el-29-de-mayo\/","title":{"rendered":"Postergaron el inicio de la prospecci\u00f3n de langostino para el 29 de mayo"},"content":{"rendered":"\n<p>Atento a la situaci\u00f3n meteorol\u00f3gica desfavorable prevista por el Servicio Meteorol\u00f3gico Nacional (SMN), en las \u00e1reas coincidentes con las zonas geogr\u00e1ficas establecidas por el Consejo Federal Pesquero como sub\u00e1reas a prospectar, se decidi\u00f3 determinar el inicio del relevamiento para el d\u00eda lunes 29 de mayo de 2023, resolvi\u00f3 este viernes la Direcci\u00f3n Nacional de Coordinaci\u00f3n y Fiscalizaci\u00f3n Pesquera que conduce el Dr. Juli\u00e1n Su\u00e1rez.<\/p>\n\n\n\n<p>Como se recordar\u00e1 la prospecci\u00f3n fue autorizada para las sub\u00e1reas 13, 14, 15 y 16 dentro del \u00c1rea de Veda Permanente de Juveniles de Merluza.<\/p>\n\n\n\n<p>Ingresar\u00e1n 16 buques congeladores y 4 fresqueros, los cuales ya fueron sorteados y permanec\u00edan en diferentes puertos armados listos para salir a zona de pesca.<\/p>\n\n\n\n<p>Con la postergaci\u00f3n del inicio de la operatoria para dentro de diez d\u00edas, el resto de las condiciones establecidas para efectuar el estudio se mantienen.<\/p>\n\n\n\n<p>La duraci\u00f3n ser\u00e1 de cuatro d\u00edas efectivos de pesca para los buques congeladores y tres d\u00edas efectivos de pesca para los buques fresqueros.<\/p>\n\n\n\n<p>Y, en caso de que los resultados presenten indicadores biol\u00f3gicos pesqueros no adecuados para su habilitaci\u00f3n, se continuar\u00e1 con una inmediata prospecci\u00f3n m\u00e1s al norte.<\/p>\n","protected":false},"excerpt":{"rendered":"<p>Atento a la situaci\u00f3n meteorol\u00f3gica desfavorable prevista por el Servicio Meteorol\u00f3gico Nacional (SMN), en las \u00e1reas coincidentes con las zonas geogr\u00e1ficas establecidas por el Consejo Federal Pesquero como sub\u00e1reas a prospectar, se decidi\u00f3 determinar el inicio del relevamiento para el d\u00eda lunes 29 de mayo de 2023, resolvi\u00f3 este viernes la Direcci\u00f3n Nacional de Coordinaci\u00f3n<\/p>\n","protected":false},"author":3,"featured_media":2425,"comment_status":"open","ping_status":"open","sticky":false,"template":"","format":"standard","meta":{"om_disable_all_campaigns":false,"_monsterinsights_skip_tracking":false,"_monsterinsights_sitenote_active":false,"_monsterinsights_sitenote_note":"","_monsterinsights_sitenote_category":0,"footnotes":""},"categories":[9],"tags":[91],"class_list":{"0":"post-2424","1":"post","2":"type-post","3":"status-publish","4":"format-standard","5":"has-post-thumbnail","7":"category-actualidad","8":"tag-featured"},"aioseo_notices":[],"amp_enabled":true,"_links":{"self":[{"href":"https:\/\/partedepesca.com.ar\/d\/wp-json\/wp\/v2\/posts\/2424","targetHints":{"allow":["GET"]}}],"collection":[{"href":"https:\/\/partedepesca.com.ar\/d\/wp-json\/wp\/v2\/posts"}],"about":[{"href":"https:\/\/partedepesca.com.ar\/d\/wp-json\/wp\/v2\/types\/post"}],"author":[{"embeddable":true,"href":"https:\/\/partedepesca.com.ar\/d\/wp-json\/wp\/v2\/users\/3"}],"replies":[{"embeddable":true,"href":"https:\/\/partedepesca.com.ar\/d\/wp-json\/wp\/v2\/comments?post=2424"}],"version-history":[{"count":1,"href":"https:\/\/partedepesca.com.ar\/d\/wp-json\/wp\/v2\/posts\/2424\/revisions"}],"predecessor-version":[{"id":2426,"href":"https:\/\/partedepesca.com.ar\/d\/wp-json\/wp\/v2\/posts\/2424\/revisions\/2426"}],"wp:featuredmedia":[{"embeddable":true,"href":"https:\/\/partedepesca.com.ar\/d\/wp-json\/wp\/v2\/media\/2425"}],"wp:attachment":[{"href":"https:\/\/partedepesca.com.ar\/d\/wp-json\/wp\/v2\/media?parent=2424"}],"wp:term":[{"taxonomy":"category","embeddable":true,"href":"https:\/\/partedepesca.com.ar\/d\/wp-json\/wp\/v2\/categories?post=2424"},{"taxonomy":"post_tag","embeddable":true,"href":"https:\/\/partedepesca.com.ar\/d\/wp-json\/wp\/v2\/tags?post=2424"}],"curies":[{"name":"wp","href":"https:\/\/api.w.org\/{rel}","templated":true}]}}