{"id":2395,"date":"2023-05-13T06:39:38","date_gmt":"2023-05-13T06:39:38","guid":{"rendered":"https:\/\/partedepesca.com.ar\/d\/?p=2395"},"modified":"2023-05-16T22:24:18","modified_gmt":"2023-05-16T22:24:18","slug":"red-chamber-fue-la-unica-pesquera-estadounidense-en-amcham-summit","status":"publish","type":"post","link":"https:\/\/partedepesca.com.ar\/d\/red-chamber-fue-la-unica-pesquera-estadounidense-en-amcham-summit\/","title":{"rendered":"Red Chamber fue la \u00fanica pesquera estadounidense en \u201cAmCham Summit\u201d"},"content":{"rendered":"\n<p>El encuentro anual de las empresas estadounidenses que operan en Argentina se llev\u00f3 a cabo esta semana en Buenos Aires. Del sector pesquero particip\u00f3 Red Chamber que tiene amplias inversiones en Chubut.<\/p>\n\n\n\n<p>El evento \u2018AmCham Summit 2023\u2019 que organiza anualmente la C\u00e1mara de Comercio de Estados Unidos en Argentina cont\u00f3 con la presencia de representantes de compa\u00f1\u00edas de diversos rubros y referentes pol\u00edticos argentinos de diferente extracci\u00f3n, como postulantes a la presidencia.<\/p>\n\n\n\n<p><strong>FUERTE PREOCUPACI\u00d3N POR LA ECONOM\u00cdA<\/strong><\/p>\n\n\n\n<p>Facundo G\u00f3mez Minuj\u00edn, presidente de JP Morgan Argentina y de Amcham sostuvo en el acto inaugural que \u201cel pa\u00eds est\u00e1 al borde de una nueva crisis, la d\u00e9cima desde la vuelta a la democracia\u201d.<\/p>\n\n\n\n<p>El ejecutivo tambi\u00e9n mencion\u00f3 los factores que impulsaron al contexto de recesi\u00f3n con inflaci\u00f3n a \u201cla sequ\u00eda, falta de divisas para abastecer los requerimientos de las importaciones, un mercado cambiario totalmente regulado, seguido de un recurso que ya demostr\u00f3 no tener \u00e9xito como el cepo, el comercio administrado y el ingreso a cuentagotas de insumos para la normal producci\u00f3n de nuestras industrias, llevan al pa\u00eds al borde de una nueva crisis\u201d, avizor\u00f3.<\/p>\n\n\n\n<p><strong>\u201cNAVEGANDO EN UN BANCO DE NIEBLA\u201d<\/strong><\/p>\n\n\n\n<p>\u201cEs imposible poder planear a largo plazo cuando no tenemos visibilidad en el cort\u00edsimo plazo. Estamos navegando en un banco de niebla y este nivel de incertidumbre es constante y resonante\u201d, grafic\u00f3 G\u00f3mez Minuj\u00edn.<\/p>\n\n\n\n<p>El representante del banco americano remarc\u00f3, sin embargo, que desde Amcham consideran que el 2023 ser\u00e1 a\u00f1o bisagra para el pa\u00eds: \u201cEstamos ante una nueva gran oportunidad. Esperemos esta vez no desaprovecharla\u201d.<\/p>\n\n\n\n<figure class=\"wp-block-image size-large\"><a href=\"https:\/\/partedepesca.com.ar\/d\/wp-content\/uploads\/2023\/05\/amcham-auditorio.jpg\"><img fetchpriority=\"high\" decoding=\"async\" width=\"1024\" height=\"576\" src=\"https:\/\/partedepesca.com.ar\/d\/wp-content\/uploads\/2023\/05\/amcham-auditorio-1024x576.jpg\" alt=\"\" class=\"wp-image-2397\" srcset=\"https:\/\/partedepesca.com.ar\/d\/wp-content\/uploads\/2023\/05\/amcham-auditorio-1024x576.jpg 1024w, https:\/\/partedepesca.com.ar\/d\/wp-content\/uploads\/2023\/05\/amcham-auditorio-300x169.jpg 300w, https:\/\/partedepesca.com.ar\/d\/wp-content\/uploads\/2023\/05\/amcham-auditorio-768x432.jpg 768w, https:\/\/partedepesca.com.ar\/d\/wp-content\/uploads\/2023\/05\/amcham-auditorio-150x84.jpg 150w, https:\/\/partedepesca.com.ar\/d\/wp-content\/uploads\/2023\/05\/amcham-auditorio-450x253.jpg 450w, https:\/\/partedepesca.com.ar\/d\/wp-content\/uploads\/2023\/05\/amcham-auditorio-1200x675.jpg 1200w, https:\/\/partedepesca.com.ar\/d\/wp-content\/uploads\/2023\/05\/amcham-auditorio.jpg 1440w\" sizes=\"(max-width: 1024px) 100vw, 1024px\" \/><\/a><\/figure>\n\n\n\n<p>La convocatoria super\u00f3 las expectativas y los inscriptos que iban a ser 1.000, se convirtieron en 1.500 en la previa y, finalmente, rondaron casi los 1.700 hombres y mujeres de negocios que se dieron cita en Puerto Madero para asistir a la edici\u00f3n 2023 del ya tradicional Amcham Summit, el evento empresario anual de la C\u00e1mara de Comercio de los Estados Unidos en Argentina, Amcham.<\/p>\n\n\n\n<p><strong>LA PESCA Y LOS PRESIDENCIABLES<\/strong><\/p>\n\n\n\n<p>Red Chamber fue la \u00fanica empresa norteamericana del sector pesquero que particip\u00f3 del evento que nuclea cada a\u00f1o a las compa\u00f1\u00edas de Estados Unidos que mantienen inversiones en Argentina.<\/p>\n\n\n\n<p>Por la compa\u00f1\u00eda asisti\u00f3 el gerente general, Eduardo Navarro, quien cont\u00f3 a <a href=\"https:\/\/partedepesca.com.ar\/d\/\"><strong>PARTE DE PESCA<\/strong><\/a> que durante las exposiciones de los diferentes candidatos a la Presidencia de Argentina hubo escasa menci\u00f3n a la industria pesquera en sus propuestas electorales.<\/p>\n\n\n\n<p>\u201cDe los candidatos a presidente, el \u00fanico que mencion\u00f3 algo vinculado a la pesca fue el gobernador de C\u00f3rdoba, Juan Schiaretti, que enumer\u00f3 a la actividad como una de las potencialidades econ\u00f3micas que tiene Argentina\u201d, preciso al tiempo de se\u00f1alar que \u201clos dem\u00e1s, ninguno mencion\u00f3 a la pesca\u201d, dentro de los ejes de propuestas con miras a los comicios nacionales de agosto y octubre.<\/p>\n\n\n\n<p><strong>\u201cES UN A\u00d1O BISAGRA\u201d<\/strong><\/p>\n\n\n\n<p>Hubo diferentes exposiciones, entre otros, el presidente de la Corte Suprema de Justicia de la Naci\u00f3n, Horacio Rosatti, critic\u00f3 la emisi\u00f3n &#8220;descontrolada&#8221; y dijo que viola la Constituci\u00f3n por &#8220;no defender&#8221; la moneda.<\/p>\n\n\n\n<p>El actual senador y exgobernador de R\u00edo Negro, Alberto Weretilneck, y el mandatario santefecino Omar Perotti, criticaron el poco federalismo que se aplica desde el gobierno central, m\u00e1s all\u00e1 de las declamaciones pol\u00edticas, el pa\u00eds sigue con un perfil unitario respecto a las asignaciones para el AMBA y el resto de las provincias.<\/p>\n\n\n\n<p>En materia econ\u00f3mica, la inflaci\u00f3n y el retraso cambiario, como el inusual esquema de multiplicidad de tipos de cambio, fue uno de los temas que mayor preocupaci\u00f3n genera en el sector empresario. Tal como lo expres\u00f3 el presidente de Amcham, Facundo G\u00f3mez Minuj\u00edn, al advertir que \u201cseguimos sin encontrar las soluciones a los problemas estructurales que tiene nuestro pa\u00eds, como la pobreza, las crisis econ\u00f3micas recurrentes, la alt\u00edsima inflaci\u00f3n, la desigualdad de ingresos, la p\u00e9rdida de la movilidad social y la calidad educativa, solo para citar algunos\u201d.<\/p>\n\n\n\n<p>No obstante, sostuvo que este \u201cno solo es un a\u00f1o bisagra, sino que estamos ante una nueva gran oportunidad. Esperemos esta vez no desaprovecharla\u201d, concluy\u00f3.<\/p>\n","protected":false},"excerpt":{"rendered":"<p>El encuentro anual de las empresas estadounidenses que operan en Argentina se llev\u00f3 a cabo esta semana en Buenos Aires. Del sector pesquero particip\u00f3 Red Chamber que tiene amplias inversiones en Chubut. El evento \u2018AmCham Summit 2023\u2019 que organiza anualmente la C\u00e1mara de Comercio de Estados Unidos en Argentina cont\u00f3 con la presencia de representantes<\/p>\n","protected":false},"author":3,"featured_media":2396,"comment_status":"open","ping_status":"open","sticky":false,"template":"","format":"standard","meta":{"om_disable_all_campaigns":false,"_monsterinsights_skip_tracking":false,"_monsterinsights_sitenote_active":false,"_monsterinsights_sitenote_note":"","_monsterinsights_sitenote_category":0,"footnotes":""},"categories":[9],"tags":[258,91,257],"class_list":{"0":"post-2395","1":"post","2":"type-post","3":"status-publish","4":"format-standard","5":"has-post-thumbnail","7":"category-actualidad","8":"tag-amcham-summit","9":"tag-featured","10":"tag-red-chamber-co"},"aioseo_notices":[],"amp_enabled":true,"_links":{"self":[{"href":"https:\/\/partedepesca.com.ar\/d\/wp-json\/wp\/v2\/posts\/2395","targetHints":{"allow":["GET"]}}],"collection":[{"href":"https:\/\/partedepesca.com.ar\/d\/wp-json\/wp\/v2\/posts"}],"about":[{"href":"https:\/\/partedepesca.com.ar\/d\/wp-json\/wp\/v2\/types\/post"}],"author":[{"embeddable":true,"href":"https:\/\/partedepesca.com.ar\/d\/wp-json\/wp\/v2\/users\/3"}],"replies":[{"embeddable":true,"href":"https:\/\/partedepesca.com.ar\/d\/wp-json\/wp\/v2\/comments?post=2395"}],"version-history":[{"count":5,"href":"https:\/\/partedepesca.com.ar\/d\/wp-json\/wp\/v2\/posts\/2395\/revisions"}],"predecessor-version":[{"id":2402,"href":"https:\/\/partedepesca.com.ar\/d\/wp-json\/wp\/v2\/posts\/2395\/revisions\/2402"}],"wp:featuredmedia":[{"embeddable":true,"href":"https:\/\/partedepesca.com.ar\/d\/wp-json\/wp\/v2\/media\/2396"}],"wp:attachment":[{"href":"https:\/\/partedepesca.com.ar\/d\/wp-json\/wp\/v2\/media?parent=2395"}],"wp:term":[{"taxonomy":"category","embeddable":true,"href":"https:\/\/partedepesca.com.ar\/d\/wp-json\/wp\/v2\/categories?post=2395"},{"taxonomy":"post_tag","embeddable":true,"href":"https:\/\/partedepesca.com.ar\/d\/wp-json\/wp\/v2\/tags?post=2395"}],"curies":[{"name":"wp","href":"https:\/\/api.w.org\/{rel}","templated":true}]}}