{"id":2376,"date":"2023-05-11T17:19:32","date_gmt":"2023-05-11T17:19:32","guid":{"rendered":"https:\/\/partedepesca.com.ar\/d\/?p=2376"},"modified":"2023-05-13T06:40:07","modified_gmt":"2023-05-13T06:40:07","slug":"arcioni-y-sastre-compartieron-inquietudes-con-el-consejo-federal-pesquero","status":"publish","type":"post","link":"https:\/\/partedepesca.com.ar\/d\/arcioni-y-sastre-compartieron-inquietudes-con-el-consejo-federal-pesquero\/","title":{"rendered":"Arcioni y Sastre compartieron inquietudes con el Consejo Federal Pesquero"},"content":{"rendered":"\n<p>El gobernador del Chubut, Mariano Arcioni, y el intendente de Puerto Madryn, Gustavo Sastre, participaron de la reuni\u00f3n del Consejo Federal Pesquero (CFP) que se realiza en la ciudad.<\/p>\n\n\n\n<p>En el acto, que se desarroll\u00f3 en la sede de la Administraci\u00f3n Portuaria, el mandatario celebr\u00f3 la realizaci\u00f3n del taller en Buenas Pr\u00e1cticas Pesqueras impulsado por el Gobierno de la Provincia para fomentar el cuidado del medioambiente. \u201cPodemos dar normativas, pero si no hay una concientizaci\u00f3n del sector de cuidar nuestras costas no es posible y a\u00f1o tras a\u00f1o tenemos que retirar miles de cajones\u201d, asegur\u00f3 al referirse a la problem\u00e1tica que genera la ca\u00edda de cajones de pesca de los barcos y terminan en la zona costera.<\/p>\n\n\n\n<p>\u201cLa pr\u00f3xima temporada tendremos los inspectores ambientales en cada uno de los buques, tambi\u00e9n con las declaraciones juradas, para empezar a tomar conciencia\u201d, agreg\u00f3 Arcioni.<\/p>\n\n\n\n<figure class=\"wp-block-image size-large\"><a href=\"https:\/\/partedepesca.com.ar\/d\/wp-content\/uploads\/2023\/05\/Arcioni-en-Consejo-federal-pesquero-y-modulos-habitacionales-8-scaled.jpg\"><img fetchpriority=\"high\" decoding=\"async\" width=\"1024\" height=\"568\" src=\"https:\/\/partedepesca.com.ar\/d\/wp-content\/uploads\/2023\/05\/Arcioni-en-Consejo-federal-pesquero-y-modulos-habitacionales-8-1024x568.jpg\" alt=\"\" class=\"wp-image-2379\" srcset=\"https:\/\/partedepesca.com.ar\/d\/wp-content\/uploads\/2023\/05\/Arcioni-en-Consejo-federal-pesquero-y-modulos-habitacionales-8-1024x568.jpg 1024w, https:\/\/partedepesca.com.ar\/d\/wp-content\/uploads\/2023\/05\/Arcioni-en-Consejo-federal-pesquero-y-modulos-habitacionales-8-300x166.jpg 300w, https:\/\/partedepesca.com.ar\/d\/wp-content\/uploads\/2023\/05\/Arcioni-en-Consejo-federal-pesquero-y-modulos-habitacionales-8-768x426.jpg 768w, https:\/\/partedepesca.com.ar\/d\/wp-content\/uploads\/2023\/05\/Arcioni-en-Consejo-federal-pesquero-y-modulos-habitacionales-8-1536x852.jpg 1536w, https:\/\/partedepesca.com.ar\/d\/wp-content\/uploads\/2023\/05\/Arcioni-en-Consejo-federal-pesquero-y-modulos-habitacionales-8-2048x1136.jpg 2048w, https:\/\/partedepesca.com.ar\/d\/wp-content\/uploads\/2023\/05\/Arcioni-en-Consejo-federal-pesquero-y-modulos-habitacionales-8-150x83.jpg 150w, https:\/\/partedepesca.com.ar\/d\/wp-content\/uploads\/2023\/05\/Arcioni-en-Consejo-federal-pesquero-y-modulos-habitacionales-8-450x250.jpg 450w, https:\/\/partedepesca.com.ar\/d\/wp-content\/uploads\/2023\/05\/Arcioni-en-Consejo-federal-pesquero-y-modulos-habitacionales-8-1200x665.jpg 1200w\" sizes=\"(max-width: 1024px) 100vw, 1024px\" \/><\/a><\/figure>\n\n\n\n<p>El director Nacional de Control y Fiscalizaci\u00f3n Pesquera, Juli\u00e1n Suarez, y presidente del CFP explic\u00f3 las recientes medidas adoptadas por el organismo nacional de marcaci\u00f3n de los aparejos de pesca y las declaraciones juradas de los cajones al momento del despacho y regreso a puerto de los buques, como una herramienta para reducir el impacto medio ambiental de los pl\u00e1sticos provenientes de la actividad.<\/p>\n\n\n\n<p>La tem\u00e1tica ambiental estuvo en el intercambio entre los funcionarios y los representantes del Consejo Federal Pesquero, y hubo coincidencias que se trata de un proceso hasta que se logre un cambio de pr\u00e1cticas a bordo de los buques, que requiere la toma de conciencia y el compromiso de las empresas, como de las tripulaciones.<\/p>\n\n\n\n<p>Tambi\u00e9n se detallaron las inversiones en infraestructura realizadas en los diferentes puertos provinciales y que buscan mejorar la operatoria de la industria pesquera.<\/p>\n\n\n\n<figure class=\"wp-block-image size-large\"><a href=\"https:\/\/partedepesca.com.ar\/d\/wp-content\/uploads\/2023\/05\/Fv28GkwXwAEBN2N.jpg\"><img decoding=\"async\" width=\"1024\" height=\"681\" src=\"https:\/\/partedepesca.com.ar\/d\/wp-content\/uploads\/2023\/05\/Fv28GkwXwAEBN2N-1024x681.jpg\" alt=\"\" class=\"wp-image-2380\" srcset=\"https:\/\/partedepesca.com.ar\/d\/wp-content\/uploads\/2023\/05\/Fv28GkwXwAEBN2N-1024x681.jpg 1024w, https:\/\/partedepesca.com.ar\/d\/wp-content\/uploads\/2023\/05\/Fv28GkwXwAEBN2N-300x200.jpg 300w, https:\/\/partedepesca.com.ar\/d\/wp-content\/uploads\/2023\/05\/Fv28GkwXwAEBN2N-768x511.jpg 768w, https:\/\/partedepesca.com.ar\/d\/wp-content\/uploads\/2023\/05\/Fv28GkwXwAEBN2N-1536x1021.jpg 1536w, https:\/\/partedepesca.com.ar\/d\/wp-content\/uploads\/2023\/05\/Fv28GkwXwAEBN2N-150x100.jpg 150w, https:\/\/partedepesca.com.ar\/d\/wp-content\/uploads\/2023\/05\/Fv28GkwXwAEBN2N-450x299.jpg 450w, https:\/\/partedepesca.com.ar\/d\/wp-content\/uploads\/2023\/05\/Fv28GkwXwAEBN2N-1200x798.jpg 1200w, https:\/\/partedepesca.com.ar\/d\/wp-content\/uploads\/2023\/05\/Fv28GkwXwAEBN2N.jpg 1600w\" sizes=\"(max-width: 1024px) 100vw, 1024px\" \/><\/a><\/figure>\n\n\n\n<p>\u201cEl sector pesquero es un motor fundamental para la econom\u00eda chubutense y requerimos del compromiso de todos los actores para llevarla adelante de manera sostenible y as\u00ed proteger en conjunto el medioambiente y las especies que habitan nuestras aguas y playas\u201d, sostuvo Arcioni.<\/p>\n\n\n\n<p>Posteriormente, los funcionarios se trasladaron hasta el muelle Storni donde se inauguraron m\u00f3dulos de descanso de la estiba que opera en la estaci\u00f3n portuaria. Por su parte, los integrantes del Consejo Federal Pesquero retomaron la sesi\u00f3n ordinaria con la agenda prevista hasta esta tarde.<\/p>\n","protected":false},"excerpt":{"rendered":"<p>El gobernador del Chubut, Mariano Arcioni, y el intendente de Puerto Madryn, Gustavo Sastre, participaron de la reuni\u00f3n del Consejo Federal Pesquero (CFP) que se realiza en la ciudad. En el acto, que se desarroll\u00f3 en la sede de la Administraci\u00f3n Portuaria, el mandatario celebr\u00f3 la realizaci\u00f3n del taller en Buenas Pr\u00e1cticas Pesqueras impulsado por<\/p>\n","protected":false},"author":3,"featured_media":2377,"comment_status":"open","ping_status":"open","sticky":false,"template":"","format":"standard","meta":{"om_disable_all_campaigns":false,"_monsterinsights_skip_tracking":false,"_monsterinsights_sitenote_active":false,"_monsterinsights_sitenote_note":"","_monsterinsights_sitenote_category":0,"footnotes":""},"categories":[9],"tags":[91],"class_list":{"0":"post-2376","1":"post","2":"type-post","3":"status-publish","4":"format-standard","5":"has-post-thumbnail","7":"category-actualidad","8":"tag-featured"},"aioseo_notices":[],"amp_enabled":true,"_links":{"self":[{"href":"https:\/\/partedepesca.com.ar\/d\/wp-json\/wp\/v2\/posts\/2376","targetHints":{"allow":["GET"]}}],"collection":[{"href":"https:\/\/partedepesca.com.ar\/d\/wp-json\/wp\/v2\/posts"}],"about":[{"href":"https:\/\/partedepesca.com.ar\/d\/wp-json\/wp\/v2\/types\/post"}],"author":[{"embeddable":true,"href":"https:\/\/partedepesca.com.ar\/d\/wp-json\/wp\/v2\/users\/3"}],"replies":[{"embeddable":true,"href":"https:\/\/partedepesca.com.ar\/d\/wp-json\/wp\/v2\/comments?post=2376"}],"version-history":[{"count":2,"href":"https:\/\/partedepesca.com.ar\/d\/wp-json\/wp\/v2\/posts\/2376\/revisions"}],"predecessor-version":[{"id":2381,"href":"https:\/\/partedepesca.com.ar\/d\/wp-json\/wp\/v2\/posts\/2376\/revisions\/2381"}],"wp:featuredmedia":[{"embeddable":true,"href":"https:\/\/partedepesca.com.ar\/d\/wp-json\/wp\/v2\/media\/2377"}],"wp:attachment":[{"href":"https:\/\/partedepesca.com.ar\/d\/wp-json\/wp\/v2\/media?parent=2376"}],"wp:term":[{"taxonomy":"category","embeddable":true,"href":"https:\/\/partedepesca.com.ar\/d\/wp-json\/wp\/v2\/categories?post=2376"},{"taxonomy":"post_tag","embeddable":true,"href":"https:\/\/partedepesca.com.ar\/d\/wp-json\/wp\/v2\/tags?post=2376"}],"curies":[{"name":"wp","href":"https:\/\/api.w.org\/{rel}","templated":true}]}}