{"id":2357,"date":"2023-05-10T17:12:07","date_gmt":"2023-05-10T17:12:07","guid":{"rendered":"https:\/\/partedepesca.com.ar\/d\/?p=2357"},"modified":"2023-05-11T15:37:11","modified_gmt":"2023-05-11T15:37:11","slug":"escasas-exportaciones-con-el-dolar-pesca-a-un-mes-de-su-anuncio","status":"publish","type":"post","link":"https:\/\/partedepesca.com.ar\/d\/escasas-exportaciones-con-el-dolar-pesca-a-un-mes-de-su-anuncio\/","title":{"rendered":"Escasas exportaciones con el \u201cd\u00f3lar pesca\u201d a un mes de su anuncio"},"content":{"rendered":"\n<p>El Ministerio de Econom\u00eda de la Naci\u00f3n present\u00f3 el pasado 5 de abril la implementaci\u00f3n de la tercera edici\u00f3n del Programa de Incremento Exportador (PIE III), lo que coloquialmente se llam\u00f3 \u2018d\u00f3lar agro\u2019, que tuvo una ampliaci\u00f3n a las econom\u00edas regionales y otras actividades, entre ellas, la industria pesquera.<\/p>\n\n\n\n<p>El esquema prev\u00e9 un tipo de cambio diferencial a $300 que se liquida en esos valores entre el 10 de abril y el 30 de agosto. Entre las m\u00faltiples exigencias se estableci\u00f3 que deber\u00edan cumplir con condiciones de elegibilidad, como, por ejemplo, firmar los interesados la adhesi\u00f3n a Precios Justos de la Secretar\u00eda de Comercio de la Naci\u00f3n, como tambi\u00e9n garantizar el abastecimiento del producto exportable al mercado interno, y no haber superado el plazo en el ingreso de divisas m\u00e1s de lo previsto, habi\u00e9ndolo comunicado al Banco Central, entre otros.<\/p>\n\n\n\n<p>Las semanas fueron transcurriendo y no fue f\u00e1cil que los exportadores pesqueros pudieran realizar operaciones de comercio exterior, con el tipo de cambio a trescientos pesos.<\/p>\n\n\n\n<p>Consultado por <strong>PARTE DE PESCA<\/strong>, el presidente de CAPECA, Eduardo Boiero, revel\u00f3 que \u201creci\u00e9n la semana pasada algunas empresas han podido utilizar este esquema. No tengo mensurado si todas las empresas han podido adherir, ya que tiene ciertas complejidades. Lo que s\u00ed s\u00e9 es que muy pocas han podido liquidar algunos anticipos con este tipo de cambio\u201d, precis\u00f3.<\/p>\n\n\n<div class=\"wp-block-image\">\n<figure class=\"aligncenter size-full\"><a href=\"https:\/\/partedepesca.com.ar\/d\/wp-content\/uploads\/2023\/05\/Eduardo-Boiero-CAPECA.jpeg\"><img fetchpriority=\"high\" decoding=\"async\" width=\"680\" height=\"415\" src=\"https:\/\/partedepesca.com.ar\/d\/wp-content\/uploads\/2023\/05\/Eduardo-Boiero-CAPECA.jpeg\" alt=\"\" class=\"wp-image-2360\" srcset=\"https:\/\/partedepesca.com.ar\/d\/wp-content\/uploads\/2023\/05\/Eduardo-Boiero-CAPECA.jpeg 680w, https:\/\/partedepesca.com.ar\/d\/wp-content\/uploads\/2023\/05\/Eduardo-Boiero-CAPECA-300x183.jpeg 300w, https:\/\/partedepesca.com.ar\/d\/wp-content\/uploads\/2023\/05\/Eduardo-Boiero-CAPECA-150x92.jpeg 150w, https:\/\/partedepesca.com.ar\/d\/wp-content\/uploads\/2023\/05\/Eduardo-Boiero-CAPECA-450x275.jpeg 450w\" sizes=\"(max-width: 680px) 100vw, 680px\" \/><\/a><figcaption class=\"wp-element-caption\">Eduardo Boiero, presidente de de la C\u00e1mara de Armadores de Pesqueros y Congeladores de la Argentina<\/figcaption><\/figure>\n<\/div>\n\n\n<p>\u201cPara evaluar el impacto real que tiene en las cuentas de las empresas hay que contextualizar con la situaci\u00f3n general, porque si los costos siguen en alza constante, no sirve de nada\u201d, grafic\u00f3 al tiempo de se\u00f1alar que \u201cjustamente, lo que est\u00e1bamos buscando desde el sector empresarial es mejorar nuestra competitividad y tener alg\u00fan tipo de paliativo ante el gran incremento de los costos y el atraso cambiario. Si tenemos un d\u00f3lar a 300 pesos y los costos siguen imparables, no habr\u00e1 servido de nada\u201d, razon\u00f3 con demoledor sentido com\u00fan.<\/p>\n","protected":false},"excerpt":{"rendered":"<p>El Ministerio de Econom\u00eda de la Naci\u00f3n present\u00f3 el pasado 5 de abril la implementaci\u00f3n de la tercera edici\u00f3n del Programa de Incremento Exportador (PIE III), lo que coloquialmente se llam\u00f3 \u2018d\u00f3lar agro\u2019, que tuvo una ampliaci\u00f3n a las econom\u00edas regionales y otras actividades, entre ellas, la industria pesquera. El esquema prev\u00e9 un tipo de<\/p>\n","protected":false},"author":3,"featured_media":2358,"comment_status":"open","ping_status":"open","sticky":false,"template":"","format":"standard","meta":{"om_disable_all_campaigns":false,"_monsterinsights_skip_tracking":false,"_monsterinsights_sitenote_active":false,"_monsterinsights_sitenote_note":"","_monsterinsights_sitenote_category":0,"footnotes":""},"categories":[6],"tags":[181,160,239,91,240],"class_list":{"0":"post-2357","1":"post","2":"type-post","3":"status-publish","4":"format-standard","5":"has-post-thumbnail","7":"category-comercio-exterior","8":"tag-dolar-agro","9":"tag-dolar-pesca","10":"tag-exportaciones-pesqueras","11":"tag-featured","12":"tag-pie-iii"},"aioseo_notices":[],"amp_enabled":true,"_links":{"self":[{"href":"https:\/\/partedepesca.com.ar\/d\/wp-json\/wp\/v2\/posts\/2357","targetHints":{"allow":["GET"]}}],"collection":[{"href":"https:\/\/partedepesca.com.ar\/d\/wp-json\/wp\/v2\/posts"}],"about":[{"href":"https:\/\/partedepesca.com.ar\/d\/wp-json\/wp\/v2\/types\/post"}],"author":[{"embeddable":true,"href":"https:\/\/partedepesca.com.ar\/d\/wp-json\/wp\/v2\/users\/3"}],"replies":[{"embeddable":true,"href":"https:\/\/partedepesca.com.ar\/d\/wp-json\/wp\/v2\/comments?post=2357"}],"version-history":[{"count":2,"href":"https:\/\/partedepesca.com.ar\/d\/wp-json\/wp\/v2\/posts\/2357\/revisions"}],"predecessor-version":[{"id":2361,"href":"https:\/\/partedepesca.com.ar\/d\/wp-json\/wp\/v2\/posts\/2357\/revisions\/2361"}],"wp:featuredmedia":[{"embeddable":true,"href":"https:\/\/partedepesca.com.ar\/d\/wp-json\/wp\/v2\/media\/2358"}],"wp:attachment":[{"href":"https:\/\/partedepesca.com.ar\/d\/wp-json\/wp\/v2\/media?parent=2357"}],"wp:term":[{"taxonomy":"category","embeddable":true,"href":"https:\/\/partedepesca.com.ar\/d\/wp-json\/wp\/v2\/categories?post=2357"},{"taxonomy":"post_tag","embeddable":true,"href":"https:\/\/partedepesca.com.ar\/d\/wp-json\/wp\/v2\/tags?post=2357"}],"curies":[{"name":"wp","href":"https:\/\/api.w.org\/{rel}","templated":true}]}}