{"id":2346,"date":"2023-05-09T14:13:31","date_gmt":"2023-05-09T14:13:31","guid":{"rendered":"https:\/\/partedepesca.com.ar\/d\/?p=2346"},"modified":"2023-05-12T03:20:43","modified_gmt":"2023-05-12T03:20:43","slug":"suarez-argentina-es-el-primer-pais-en-regular-el-marcado-de-las-artes-de-pesca-de-arrastres","status":"publish","type":"post","link":"https:\/\/partedepesca.com.ar\/d\/suarez-argentina-es-el-primer-pais-en-regular-el-marcado-de-las-artes-de-pesca-de-arrastres\/","title":{"rendered":"Su\u00e1rez: \u201cArgentina es el primer pa\u00eds en regular el marcado de las artes de pesca de arrastre\u201d"},"content":{"rendered":"\n<p>El Taller sobre Buenas Pr\u00e1cticas Pesqueras y la Tercera reuni\u00f3n de la Comisi\u00f3n de Trabajo para Fortalecer las Medidas de Reducci\u00f3n del Bycatch en las Pesquer\u00edas dio comienzo, este martes, en el \u2018Ecocentro Pampa Azul\u2019 de Puerto Madryn. El auditorio estuvo colmado con representaciones de m\u00faltiples instituciones, ONGs, c\u00e1maras empresariales del sector pesquero, y representantes del \u00e1mbito acad\u00e9mico.<\/p>\n\n\n\n<p>El acto inaugural estuvo presidido por el Director Nacional de Coordinaci\u00f3n y Fiscalizaci\u00f3n Pesquera de la Subsecretar\u00eda de Pesca y Acuicultura de la Naci\u00f3n, Juli\u00e1n Su\u00e1rez, junto a representantes del Ministerio de Ambiente y Desarrollo Sostenible de la Naci\u00f3n, el Instituto Nacional de Investigaci\u00f3n y Desarrollo Pesquero (INIDEP), Pampa Azul y representantes de FAO, entre otros.<\/p>\n\n\n\n<p>Su\u00e1rez destac\u00f3 los alcances del taller organizado por la Direcci\u00f3n Nacional de Gesti\u00f3n Ambiental del Agua y los Ecosistemas Acu\u00e1ticos y la Direcci\u00f3n de Planificaci\u00f3n Pesquera.<\/p>\n\n\n\n<p>\u201cLa sinergia entre todos los actores del sector genera estos espacios de discusi\u00f3n y debate de contenidos\u201d, valor\u00f3 al tiempo de dar a conocer una medida publicada este martes en el Bolet\u00edn Oficial respecto al marcado de las artes de pesca y la contabilizaci\u00f3n de cajones para reducir el impacto medio ambiental de los pl\u00e1sticos provenientes de la actividad.<\/p>\n\n\n\n<p>\u201cEs un tema que ser\u00e1 abordado en estas jornadas, y lo ven\u00edamos trabajando con las autoridades provinciales, la Prefectura, el Ministerio de Ambiente de la Naci\u00f3n. Hoy la Argentina se ha convertido en el primer pa\u00eds en regular el marcado de artes de pesca, en consonancia con las directrices que ha emitido FAO\u201d, describi\u00f3 el Director Nacional de Coordinaci\u00f3n y Fiscalizaci\u00f3n Pesquera.<\/p>\n\n\n\n<p><strong>TRABAJO CONJUNTO<\/strong><\/p>\n\n\n\n<p>Su\u00e1rez sostuvo que \u201cesto se ha logrado gracias al trabajo que hemos realizado conjuntamente\u201d, al se\u00f1alar las reuniones multidisciplinarias llevadas a cabo desde junio de 2022 en Puerto Madryn y Mar del Plata. \u201cEsto ha dado sus frutos y hemos logrado materializar en una norma, un avance sustantivo, el cual se hab\u00eda iniciado a\u00f1os atr\u00e1s. Cuando me toc\u00f3 asumir era un proyecto en curso, al cual no se le hab\u00eda dado la relevancia correspondiente, no por parte de los equipos de trabajo, sino m\u00e1s bien por las autoridades que lo hab\u00edan cajoneado, y era el marcado de trampas de centolla. Un trabajo t\u00e9cnico de muchos a\u00f1os, y cuando asum\u00ed me toc\u00f3 ponerle la firma, pero es un trabajo de mucha gente. Y esa fue la primera medida que se ha tomado en el pa\u00eds para regular el marcado de las artes de pesca\u201d, detall\u00f3 el funcionario en la apertura de las jornadas.<\/p>\n\n\n\n<figure class=\"wp-block-image size-large\"><a href=\"https:\/\/partedepesca.com.ar\/d\/wp-content\/uploads\/2023\/05\/IMG_6539-scaled.jpg\"><img fetchpriority=\"high\" decoding=\"async\" width=\"1024\" height=\"589\" src=\"https:\/\/partedepesca.com.ar\/d\/wp-content\/uploads\/2023\/05\/IMG_6539-1024x589.jpg\" alt=\"\" class=\"wp-image-2348\" srcset=\"https:\/\/partedepesca.com.ar\/d\/wp-content\/uploads\/2023\/05\/IMG_6539-1024x589.jpg 1024w, https:\/\/partedepesca.com.ar\/d\/wp-content\/uploads\/2023\/05\/IMG_6539-300x173.jpg 300w, https:\/\/partedepesca.com.ar\/d\/wp-content\/uploads\/2023\/05\/IMG_6539-768x442.jpg 768w, https:\/\/partedepesca.com.ar\/d\/wp-content\/uploads\/2023\/05\/IMG_6539-1536x884.jpg 1536w, https:\/\/partedepesca.com.ar\/d\/wp-content\/uploads\/2023\/05\/IMG_6539-2048x1179.jpg 2048w, https:\/\/partedepesca.com.ar\/d\/wp-content\/uploads\/2023\/05\/IMG_6539-150x86.jpg 150w, https:\/\/partedepesca.com.ar\/d\/wp-content\/uploads\/2023\/05\/IMG_6539-450x259.jpg 450w, https:\/\/partedepesca.com.ar\/d\/wp-content\/uploads\/2023\/05\/IMG_6539-1200x691.jpg 1200w\" sizes=\"(max-width: 1024px) 100vw, 1024px\" \/><\/a><\/figure>\n\n\n\n<p>\u201cHoy estamos dando un paso superlativo. Dentro de un a\u00f1o, todos los armadores que dirijan sus capturas en aguas nacionales tendr\u00e1n que contar con el marcado de sus artes de pesca de arrastre. Esto posiciona a nuestro pa\u00eds, en esta materia, en los m\u00e1s altos est\u00e1ndares a nivel internacional\u201d, subray\u00f3.<\/p>\n\n\n\n<p><strong>REDUCIR LA PESCA INCIDENTAL<\/strong> <\/p>\n\n\n\n<p>Asimismo, sostuvo que la agenda programa en las dos jornadas del taller de selectividad y buenas pr\u00e1cticas pesqueras, \u201cson temas sobre los que esta administraci\u00f3n ha tomado distintas medidas que han favorecido considerablemente en bajar el bycatch\u201d, dijo y dio como ejemplo \u201clas medidas de administraci\u00f3n del langostino. El Consejo Federal Pesquero ha tomado decisiones contundentes y de fondo para con el recurso. La Comisi\u00f3n de Seguimiento del Langostino ha destacado caracter\u00edsticas muy importantes de la temporada anterior de aguas nacionales. El a\u00f1o pasado se captur\u00f3 el 85% de ejemplares correspondientes a tallas L1, L2 y L3, en jurisdicci\u00f3n nacional. Fue muy alentador recibir ese informe con ese dato, y complementado por el dato que trajo el equipo de merluza, que ha indicado que en 2022 hemos reducido el bycatch de merluza a los guarismos m\u00e1s bajos de la historia de la pesquer\u00eda de langostino\u201d, enfatiz\u00f3 Su\u00e1rez.<\/p>\n","protected":false},"excerpt":{"rendered":"<p>El Taller sobre Buenas Pr\u00e1cticas Pesqueras y la Tercera reuni\u00f3n de la Comisi\u00f3n de Trabajo para Fortalecer las Medidas de Reducci\u00f3n del Bycatch en las Pesquer\u00edas dio comienzo, este martes, en el \u2018Ecocentro Pampa Azul\u2019 de Puerto Madryn. El auditorio estuvo colmado con representaciones de m\u00faltiples instituciones, ONGs, c\u00e1maras empresariales del sector pesquero, y representantes<\/p>\n","protected":false},"author":3,"featured_media":2347,"comment_status":"open","ping_status":"open","sticky":false,"template":"","format":"standard","meta":{"om_disable_all_campaigns":false,"_monsterinsights_skip_tracking":false,"_monsterinsights_sitenote_active":false,"_monsterinsights_sitenote_note":"","_monsterinsights_sitenote_category":0,"footnotes":""},"categories":[9],"tags":[91],"class_list":{"0":"post-2346","1":"post","2":"type-post","3":"status-publish","4":"format-standard","5":"has-post-thumbnail","7":"category-actualidad","8":"tag-featured"},"aioseo_notices":[],"amp_enabled":true,"_links":{"self":[{"href":"https:\/\/partedepesca.com.ar\/d\/wp-json\/wp\/v2\/posts\/2346","targetHints":{"allow":["GET"]}}],"collection":[{"href":"https:\/\/partedepesca.com.ar\/d\/wp-json\/wp\/v2\/posts"}],"about":[{"href":"https:\/\/partedepesca.com.ar\/d\/wp-json\/wp\/v2\/types\/post"}],"author":[{"embeddable":true,"href":"https:\/\/partedepesca.com.ar\/d\/wp-json\/wp\/v2\/users\/3"}],"replies":[{"embeddable":true,"href":"https:\/\/partedepesca.com.ar\/d\/wp-json\/wp\/v2\/comments?post=2346"}],"version-history":[{"count":4,"href":"https:\/\/partedepesca.com.ar\/d\/wp-json\/wp\/v2\/posts\/2346\/revisions"}],"predecessor-version":[{"id":2387,"href":"https:\/\/partedepesca.com.ar\/d\/wp-json\/wp\/v2\/posts\/2346\/revisions\/2387"}],"wp:featuredmedia":[{"embeddable":true,"href":"https:\/\/partedepesca.com.ar\/d\/wp-json\/wp\/v2\/media\/2347"}],"wp:attachment":[{"href":"https:\/\/partedepesca.com.ar\/d\/wp-json\/wp\/v2\/media?parent=2346"}],"wp:term":[{"taxonomy":"category","embeddable":true,"href":"https:\/\/partedepesca.com.ar\/d\/wp-json\/wp\/v2\/categories?post=2346"},{"taxonomy":"post_tag","embeddable":true,"href":"https:\/\/partedepesca.com.ar\/d\/wp-json\/wp\/v2\/tags?post=2346"}],"curies":[{"name":"wp","href":"https:\/\/api.w.org\/{rel}","templated":true}]}}