{"id":2290,"date":"2023-04-29T14:43:57","date_gmt":"2023-04-29T14:43:57","guid":{"rendered":"https:\/\/partedepesca.com.ar\/d\/?p=2290"},"modified":"2023-05-03T17:14:16","modified_gmt":"2023-05-03T17:14:16","slug":"liberman-destaco-el-nivel-de-demanda-de-productos-argentinos-en-la-seafood-expo-global","status":"publish","type":"post","link":"https:\/\/partedepesca.com.ar\/d\/liberman-destaco-el-nivel-de-demanda-de-productos-argentinos-en-la-seafood-expo-global\/","title":{"rendered":"Liberman destac\u00f3 el nivel de demanda de productos argentinos en la \u2018Seafood Expo Global\u2019"},"content":{"rendered":"\n<p>El Subsecretario de Pesca y Acuicultura de la Naci\u00f3n y presidente del Consejo Federal Pesquero, Dr. Carlos Liberman, y representantes de las provincias de Buenos Aires, Chubut y Tierra del Fuego ante el organismo, participaron de la \u201cSeafood Expo Global\u201d en Barcelona, la feria pesquera m\u00e1s importante a nivel mundial.<\/p>\n\n\n\n<p>El sector privado argentino expuso sus productos ante una vidriera que permite establecer y consolidar v\u00ednculos comerciales, tanto con el mercado europeo, como tambi\u00e9n a nivel global por la magnitud del evento.<\/p>\n\n\n\n<p>\u201cEl balance es muy positivo\u201d, analiz\u00f3 Liberman en declaraciones a <strong><a href=\"https:\/\/partedepesca.com.ar\/d\/\">PARTE DE PESCA<\/a><\/strong>. \u201cFue el stand m\u00e1s grande que hemos montado y estuvo lleno de visitas\u201d, subray\u00f3 al hacer referencia al espacio que tuvo el pabell\u00f3n nacional, identificado con el signo distintivo \u201cMar Argentino, salvaje y austral\u201d, se ofreci\u00f3 degustaciones de langostino, calamar y merluza al p\u00fablico visitante y un total de 24 empresas participaron de la exposici\u00f3n con m\u00faltiples rondas de negocios.<\/p>\n\n\n\n<p>El Subsecretario de Pesca de la Naci\u00f3n sostuvo que \u201cen particular fueron m\u00e1s las consultas y reuniones por langostino que las esperadas en la previa. Por otro lado, hubo buena demanda y muy buenos precios, tanto para la merluza, en sus diversas formas de comercializaci\u00f3n, como tambi\u00e9n para el calamar\u201d, evalu\u00f3 respecto de los alcances de la feria.<\/p>\n\n\n\n<p>\u201cMe voy muy satisfecho tambi\u00e9n por la articulaci\u00f3n p\u00fablico privada, tuvimos muy buena sinergia con las autoridades provinciales y con las empresas presentes\u201d, concluy\u00f3.<\/p>\n\n\n\n<p>Del sector privado participaron representantes de las empresas pesqueras Arbumasa S.A; Blowfish S A; Brother Ocean S.A; Buena Proa S.A; Cabo V\u00edrgenes S.R.L; Conarpesa S.A; Congeladores Patag\u00f3nicos S.A; Congelados \u00c1rtico S.A; Coomarpes Ltda; y Cooperativa de Trabajo del Norte Ltda.; Estrella Patag\u00f3nica S.A; Estremar S.A.U; Gaveteco S.A; Illex Fishing S.A; Mardi S.A; Maronti S.A; Newsan S.A; Novopixe S.A; Ocean Star S.A; Pesca Argentina S.A; Pesquera Buenavista S.A; Pesquera Puerto Comodoro S.A; Red Chamber Argentina S.A; y Traweluwn S.A.<\/p>\n","protected":false},"excerpt":{"rendered":"<p>El Subsecretario de Pesca y Acuicultura de la Naci\u00f3n y presidente del Consejo Federal Pesquero, Dr. Carlos Liberman, y representantes de las provincias de Buenos Aires, Chubut y Tierra del Fuego ante el organismo, participaron de la \u201cSeafood Expo Global\u201d en Barcelona, la feria pesquera m\u00e1s importante a nivel mundial. El sector privado argentino expuso<\/p>\n","protected":false},"author":3,"featured_media":2293,"comment_status":"open","ping_status":"open","sticky":false,"template":"","format":"standard","meta":{"om_disable_all_campaigns":false,"_monsterinsights_skip_tracking":false,"_monsterinsights_sitenote_active":false,"_monsterinsights_sitenote_note":"","_monsterinsights_sitenote_category":0,"footnotes":""},"categories":[9],"tags":[222,91,156],"class_list":{"0":"post-2290","1":"post","2":"type-post","3":"status-publish","4":"format-standard","5":"has-post-thumbnail","7":"category-actualidad","8":"tag-carlos-liberman","9":"tag-featured","10":"tag-seafood-expo-global"},"aioseo_notices":[],"amp_enabled":true,"_links":{"self":[{"href":"https:\/\/partedepesca.com.ar\/d\/wp-json\/wp\/v2\/posts\/2290","targetHints":{"allow":["GET"]}}],"collection":[{"href":"https:\/\/partedepesca.com.ar\/d\/wp-json\/wp\/v2\/posts"}],"about":[{"href":"https:\/\/partedepesca.com.ar\/d\/wp-json\/wp\/v2\/types\/post"}],"author":[{"embeddable":true,"href":"https:\/\/partedepesca.com.ar\/d\/wp-json\/wp\/v2\/users\/3"}],"replies":[{"embeddable":true,"href":"https:\/\/partedepesca.com.ar\/d\/wp-json\/wp\/v2\/comments?post=2290"}],"version-history":[{"count":1,"href":"https:\/\/partedepesca.com.ar\/d\/wp-json\/wp\/v2\/posts\/2290\/revisions"}],"predecessor-version":[{"id":2292,"href":"https:\/\/partedepesca.com.ar\/d\/wp-json\/wp\/v2\/posts\/2290\/revisions\/2292"}],"wp:featuredmedia":[{"embeddable":true,"href":"https:\/\/partedepesca.com.ar\/d\/wp-json\/wp\/v2\/media\/2293"}],"wp:attachment":[{"href":"https:\/\/partedepesca.com.ar\/d\/wp-json\/wp\/v2\/media?parent=2290"}],"wp:term":[{"taxonomy":"category","embeddable":true,"href":"https:\/\/partedepesca.com.ar\/d\/wp-json\/wp\/v2\/categories?post=2290"},{"taxonomy":"post_tag","embeddable":true,"href":"https:\/\/partedepesca.com.ar\/d\/wp-json\/wp\/v2\/tags?post=2290"}],"curies":[{"name":"wp","href":"https:\/\/api.w.org\/{rel}","templated":true}]}}