{"id":2191,"date":"2023-04-17T11:17:40","date_gmt":"2023-04-17T11:17:40","guid":{"rendered":"https:\/\/partedepesca.com.ar\/d\/?p=2191"},"modified":"2023-04-18T23:02:26","modified_gmt":"2023-04-18T23:02:26","slug":"dieron-a-conocer-los-requisitos-para-acceder-al-dolar-pesca","status":"publish","type":"post","link":"https:\/\/partedepesca.com.ar\/d\/dieron-a-conocer-los-requisitos-para-acceder-al-dolar-pesca\/","title":{"rendered":"Dieron a conocer los requisitos para acceder al \u201cd\u00f3lar pesca\u201d"},"content":{"rendered":"\n<p>Con la firma del secretario de Agricultura, Ganader\u00eda y Pesca de la Naci\u00f3n, Jos\u00e9 Bahillo, fue publicada este lunes la <strong><a href=\"https:\/\/www.boletinoficial.gob.ar\/detalleAviso\/primera\/284498\/20230417\">Resoluci\u00f3n 138\/2023<\/a><\/strong> que fija la ampliaci\u00f3n de las posiciones arancelarias del \u201cPrograma de Incremento Exportador\u201d (PIE) y los requisitos de \u201celegibilidad\u201d para los sujetos que adhieran a este esquema.<\/p>\n\n\n\n<p>A las \u2018Econom\u00edas Regionales\u2019 se ampli\u00f3 una veintena de productos entre los que se incluy\u00f3 a la pesca. En el anexo de posiciones arancelarias de la Nomenclatura Com\u00fan del MERCOSUR (N.C.M.), se incorpora a productos pesqueros en sus diferentes especies.<\/p>\n\n\n\n<p>Para acceder al beneficio de exportar con un d\u00f3lar a trescientos pesos se deber\u00e1 \u201chaber exportado en alg\u00fan momento de los 18 meses inmediatos anteriores a la entrada en vigencia del Decreto N\u00b0&nbsp;194 de fecha 9 de abril de 2023\u201d, las posiciones arancelarias que ahora son alcanzadas por esta edici\u00f3n del denominado \u201cd\u00f3lar agro extendido\u201d, y que en la actividad pesquera ya catalogan como \u201cd\u00f3lar pesca\u201d.<\/p>\n\n\n\n<p>Otra de las exigencias impuestas por el Ministerio de Econom\u00eda es que las empresas deber\u00e1n \u201casumir el compromiso de mantener o incrementar durante la vigencia del Programa de Incremento Exportador la cantidad de puestos de trabajo registrados bajo su dependencia\u201d al 10 de abril del corriente a\u00f1o, sin poder disminuir su dotaci\u00f3n de personal efectivo mientras dure el tipo de cambio diferencial, previsto hasta el 31 de agosto.<\/p>\n\n\n\n<p><strong>&#8220;PRECIOS JUSTOS&#8221; Y MERCADO INTERNO<\/strong><\/p>\n\n\n\n<p>Las exportadoras tambi\u00e9n deber\u00e1n asumir el compromiso de \u201cabastecer el mercado local con las mercader\u00edas debiendo mantener o incrementar los vol\u00famenes de abastecimiento\u201d mientras rija el Programa.<\/p>\n\n\n\n<p>Adem\u00e1s, deber\u00e1n cumplir los \u201cacuerdos de precios para el mercado local\u201d que al respecto establezca la Secretar\u00eda de Comercio del Ministerio de Econom\u00eda. En otro art\u00edculo de la Resoluci\u00f3n N\u00b0 138 de la SAGyP se deja abierta la incorporaci\u00f3n de otros productos de las econom\u00edas regionales.<\/p>\n\n\n\n<p>En t\u00e9rminos generales en este instrumento administrativo se fijaron como requisitos de \u201celegibilidad\u201d de los sujetos potencialmente admisibles al programa, que cumplan con abastecimiento del mercado local, mantengan el nivel de empleo generado, cumplan con los acuerdos de precios sectoriales en la exportaci\u00f3n de las mercader\u00edas alcanzadas por el referido Programa.<\/p>\n\n\n\n<p><strong>ADHESI\u00d3N VOLUNTARIA AL \u201cPIE\u201d<\/strong><\/p>\n\n\n\n<p>Hasta el pr\u00f3ximo 31 de mayo los exportadores podr\u00e1n liquidar a un tipo de cambio de $ 300 seg\u00fan se reglament\u00f3 en el d\u00f3lar agro, versi\u00f3n extendida del viejo d\u00f3lar soja, que lleva ahora el nombre de Programa Incremento Exportador (PIE).<\/p>\n\n\n\n<p>El industrial pesquero que quiera exportar con un d\u00f3lar diferencial a 300 pesos deber\u00e1 adherir voluntariamente ante la Secretar\u00eda de Comercio, firmando un contrato de adhesi\u00f3n al r\u00e9gimen donde deber\u00e1n comprometerse a mantener el abastecimiento del mercado interno, mantener los precios del mercado interno y mantener la cantidad de empleos registrados al 10 de abril.<\/p>\n\n\n\n<p>Cumplido ese paso, el proceso de \u201celegibilidad\u201d de los sujetos \u201cpotencialmente admisibles al programa\u201d, adheridos al PIE, contin\u00faa con la zaranda que haga el Banco Central.<\/p>\n\n\n\n<p><strong>SE VIENE EL DECRETO DE SANCIONES<\/strong><\/p>\n\n\n\n<p>En este marco, el ministro de Econom\u00eda, Sergio Massa, dar\u00eda a conocer en las pr\u00f3ximas horas el decreto que impone sanciones para quienes no liquidan divisas &#8220;en un plazo determinado&#8221; y que instruye al BCRA en el rol de contralor.<\/p>\n\n\n\n<figure class=\"wp-block-image size-full\"><a href=\"https:\/\/partedepesca.com.ar\/d\/wp-content\/uploads\/2023\/04\/massa-y-bahillo.jpg\"><img fetchpriority=\"high\" decoding=\"async\" width=\"950\" height=\"512\" src=\"https:\/\/partedepesca.com.ar\/d\/wp-content\/uploads\/2023\/04\/massa-y-bahillo.jpg\" alt=\"\" class=\"wp-image-2194\" srcset=\"https:\/\/partedepesca.com.ar\/d\/wp-content\/uploads\/2023\/04\/massa-y-bahillo.jpg 950w, https:\/\/partedepesca.com.ar\/d\/wp-content\/uploads\/2023\/04\/massa-y-bahillo-300x162.jpg 300w, https:\/\/partedepesca.com.ar\/d\/wp-content\/uploads\/2023\/04\/massa-y-bahillo-768x414.jpg 768w, https:\/\/partedepesca.com.ar\/d\/wp-content\/uploads\/2023\/04\/massa-y-bahillo-150x81.jpg 150w, https:\/\/partedepesca.com.ar\/d\/wp-content\/uploads\/2023\/04\/massa-y-bahillo-450x243.jpg 450w\" sizes=\"(max-width: 950px) 100vw, 950px\" \/><\/a><figcaption class=\"wp-element-caption\">Sergio Massa y Juan Jose Bahillo<\/figcaption><\/figure>\n\n\n\n<p>Se estima que ser\u00e1 una dura medida que refuerza los controles cambiarios donde el Banco Central establecer\u00e1 la obligaci\u00f3n de ingresar y liquidar, en un plazo determinado, las divisas derivadas de exportaciones en el mercado oficial de cambios. Instaurar\u00edan un sistema de \u201cseguimiento de las negociaciones de divisas por exportaciones de bienes\u201d (SECOEXPO), con un r\u00e9gimen informativo que aplique tanto el BCRA, como las entidades financieras y cambiarias, y que permitir\u00eda identificar el grado de cumplimiento de las obligaciones.<\/p>\n\n\n\n<p>El Central quedar\u00eda autorizado a realizar una \u201crevisi\u00f3n\u201d y actualizaci\u00f3n del sistema, as\u00ed como la \u201cn\u00f3mina de sujetos que hayan efectuado exportaciones y que no hayan dado cumplimiento, en tiempo y forma, a la obligaci\u00f3n de liquidar divisas de dichas operaciones de comercio exterior en el mercado oficial de cambios\u201d.<\/p>\n\n\n\n<p>Ac\u00e1 radica otra de las claves para determinar qui\u00e9nes acceder\u00e1n y, qui\u00e9nes no, al d\u00f3lar de 300 pesos.<\/p>\n\n\n<div class=\"wp-block-image\">\n<figure class=\"aligncenter size-full\"><a href=\"https:\/\/partedepesca.com.ar\/d\/wp-content\/uploads\/2023\/04\/image-3.png\"><img decoding=\"async\" width=\"174\" height=\"174\" src=\"https:\/\/partedepesca.com.ar\/d\/wp-content\/uploads\/2023\/04\/image-3.png\" alt=\"\" class=\"wp-image-2219\" srcset=\"https:\/\/partedepesca.com.ar\/d\/wp-content\/uploads\/2023\/04\/image-3.png 174w, https:\/\/partedepesca.com.ar\/d\/wp-content\/uploads\/2023\/04\/image-3-150x150.png 150w\" sizes=\"(max-width: 174px) 100vw, 174px\" \/><\/a><figcaption class=\"wp-element-caption\">Resoluci\u00f3n N\u00b0 138 SAGyP<\/figcaption><\/figure>\n<\/div>","protected":false},"excerpt":{"rendered":"<p>Con la firma del secretario de Agricultura, Ganader\u00eda y Pesca de la Naci\u00f3n, Jos\u00e9 Bahillo, fue publicada este lunes la Resoluci\u00f3n 138\/2023 que fija la ampliaci\u00f3n de las posiciones arancelarias del \u201cPrograma de Incremento Exportador\u201d (PIE) y los requisitos de \u201celegibilidad\u201d para los sujetos que adhieran a este esquema. A las \u2018Econom\u00edas Regionales\u2019 se ampli\u00f3<\/p>\n","protected":false},"author":3,"featured_media":2192,"comment_status":"open","ping_status":"open","sticky":false,"template":"","format":"standard","meta":{"om_disable_all_campaigns":false,"_monsterinsights_skip_tracking":false,"_monsterinsights_sitenote_active":false,"_monsterinsights_sitenote_note":"","_monsterinsights_sitenote_category":0,"footnotes":""},"categories":[6],"tags":[198,181,160,91,199],"class_list":{"0":"post-2191","1":"post","2":"type-post","3":"status-publish","4":"format-standard","5":"has-post-thumbnail","7":"category-comercio-exterior","8":"tag-bahillo","9":"tag-dolar-agro","10":"tag-dolar-pesca","11":"tag-featured","12":"tag-massa"},"aioseo_notices":[],"amp_enabled":true,"_links":{"self":[{"href":"https:\/\/partedepesca.com.ar\/d\/wp-json\/wp\/v2\/posts\/2191","targetHints":{"allow":["GET"]}}],"collection":[{"href":"https:\/\/partedepesca.com.ar\/d\/wp-json\/wp\/v2\/posts"}],"about":[{"href":"https:\/\/partedepesca.com.ar\/d\/wp-json\/wp\/v2\/types\/post"}],"author":[{"embeddable":true,"href":"https:\/\/partedepesca.com.ar\/d\/wp-json\/wp\/v2\/users\/3"}],"replies":[{"embeddable":true,"href":"https:\/\/partedepesca.com.ar\/d\/wp-json\/wp\/v2\/comments?post=2191"}],"version-history":[{"count":4,"href":"https:\/\/partedepesca.com.ar\/d\/wp-json\/wp\/v2\/posts\/2191\/revisions"}],"predecessor-version":[{"id":2221,"href":"https:\/\/partedepesca.com.ar\/d\/wp-json\/wp\/v2\/posts\/2191\/revisions\/2221"}],"wp:featuredmedia":[{"embeddable":true,"href":"https:\/\/partedepesca.com.ar\/d\/wp-json\/wp\/v2\/media\/2192"}],"wp:attachment":[{"href":"https:\/\/partedepesca.com.ar\/d\/wp-json\/wp\/v2\/media?parent=2191"}],"wp:term":[{"taxonomy":"category","embeddable":true,"href":"https:\/\/partedepesca.com.ar\/d\/wp-json\/wp\/v2\/categories?post=2191"},{"taxonomy":"post_tag","embeddable":true,"href":"https:\/\/partedepesca.com.ar\/d\/wp-json\/wp\/v2\/tags?post=2191"}],"curies":[{"name":"wp","href":"https:\/\/api.w.org\/{rel}","templated":true}]}}