{"id":2176,"date":"2023-04-14T11:21:21","date_gmt":"2023-04-14T11:21:21","guid":{"rendered":"https:\/\/partedepesca.com.ar\/d\/?p=2176"},"modified":"2023-04-17T11:18:00","modified_gmt":"2023-04-17T11:18:00","slug":"madryn-se-consolida-como-lider-productivo-e-industrial-de-la-patagonia","status":"publish","type":"post","link":"https:\/\/partedepesca.com.ar\/d\/madryn-se-consolida-como-lider-productivo-e-industrial-de-la-patagonia\/","title":{"rendered":"Madryn se consolida como l\u00edder productivo e industrial de la Patagonia"},"content":{"rendered":"\n<p>La 2\u00b0 Exposici\u00f3n y Encuentros de Vinculaci\u00f3n Empresaria y Negocios de la Patagonia (EVENPa) 2023, que se realiza en Puerto Madryn, y es organizada por la C\u00e1mara Industrial y de Comercio Exterior de Puerto Madryn y Regi\u00f3n Patagonia (CIMA) fue inaugurada este jueves con una multitudinaria concurrencia.<\/p>\n\n\n\n<p>El evento que se realiza desde el 13 al 15 de abril re\u00fane a 150 empresas tractoras, PyMEs y proveedores de todas las \u00e1reas productivas patag\u00f3nicas. En esta oportunidad el sector pesquero participa con m\u00e1s de catorce empresas representadas, diversos actores del comercio exterior, la industria naval local, compa\u00f1\u00edas de log\u00edstica mar\u00edtima y portuaria, son parte del amplio abanico de expositores que participan de lo que se considera el evento empresario m\u00e1s importante de la Patagonia.<\/p>\n\n\n\n<p>El gobernador del Chubut, Mariano Arcioni, encabez\u00f3 este jueves el acto apertura junto al intendente de Puerto Madryn, Gustavo Sastre, acompa\u00f1ados por el presidente de CIMA, Oscar Dethier; el vicegobernador, Ricardo Sastre; el ministro de Agricultura, Ganader\u00eda e Industria, Leandro Cavaco y el presidente de la Fundaci\u00f3n BICE, Carlos Brown, entre otros.<\/p>\n\n\n\n<p>En la primera jornada se llev\u00f3 a cabo un panel de debate referido al contexto actual del comercio exterior, la compleja situaci\u00f3n para el acceso al mercado de divisas, el impacto que representa el \u2018d\u00f3lar agro\u2019 para las econom\u00edas regionales, que en esta ocasi\u00f3n alcanza tambi\u00e9n a las exportaciones pesqueras, cuya letra chica a\u00fan resta conocerse.<\/p>\n\n\n\n<p>Asimismo, hubo un panel de an\u00e1lisis de la actividad pesquera, con abordajes desde lo acad\u00e9mico, el rol de las universidades locales, la tarea de fiscalizaci\u00f3n y control desde el estado nacional, como tambi\u00e9n la perspectiva del sector privado de la pesca en cuanto a la evoluci\u00f3n que la industria ha tenido en Chubut y los desaf\u00edos que enfrenta en la actualidad. Temas que abordaremos en pr\u00f3ximas ediciones.<\/p>\n\n\n\n<p>En su discurso, Arcioni resalt\u00f3 que \u201cesa sinergia entre el sector privado y el sector p\u00fablico tiene que estar, porque tenemos el acompa\u00f1amiento financiero, tecnol\u00f3gico, de capacitaci\u00f3n que ayuda a todos y cada uno empresarios\u201d. \u201cHoy en Chubut, incluidos los comercios, tenemos m\u00e1s de 8 mil empresas o PyMEs registradas, generadoras de 140 mil puestos de trabajo registrado\u201d, detall\u00f3 el Gobernador<\/p>\n\n\n\n<p>Por su parte, el intendente Gustavo Sastre dijo que \u201cpara nosotros cuidar al sector empresario es un rol de todos los d\u00edas, entendimos desde el primer d\u00eda que la actividad en conjunto entre el sector p\u00fablico y el privado deben caminar de manera conjunta y paralela para poder seguir potenciando la industria que tenemos en la ciudad y por sobre todas las cosas en nuestra querida provincia del Chubut\u201d.<\/p>\n\n\n\n<figure class=\"wp-block-image size-large\"><a href=\"https:\/\/partedepesca.com.ar\/d\/wp-content\/uploads\/2023\/04\/IMG_6037-scaled.jpg\"><img fetchpriority=\"high\" decoding=\"async\" width=\"1024\" height=\"673\" src=\"https:\/\/partedepesca.com.ar\/d\/wp-content\/uploads\/2023\/04\/IMG_6037-1024x673.jpg\" alt=\"\" class=\"wp-image-2179\" srcset=\"https:\/\/partedepesca.com.ar\/d\/wp-content\/uploads\/2023\/04\/IMG_6037-1024x673.jpg 1024w, https:\/\/partedepesca.com.ar\/d\/wp-content\/uploads\/2023\/04\/IMG_6037-300x197.jpg 300w, https:\/\/partedepesca.com.ar\/d\/wp-content\/uploads\/2023\/04\/IMG_6037-768x504.jpg 768w, https:\/\/partedepesca.com.ar\/d\/wp-content\/uploads\/2023\/04\/IMG_6037-1536x1009.jpg 1536w, https:\/\/partedepesca.com.ar\/d\/wp-content\/uploads\/2023\/04\/IMG_6037-2048x1345.jpg 2048w, https:\/\/partedepesca.com.ar\/d\/wp-content\/uploads\/2023\/04\/IMG_6037-150x99.jpg 150w, https:\/\/partedepesca.com.ar\/d\/wp-content\/uploads\/2023\/04\/IMG_6037-450x296.jpg 450w, https:\/\/partedepesca.com.ar\/d\/wp-content\/uploads\/2023\/04\/IMG_6037-1200x788.jpg 1200w\" sizes=\"(max-width: 1024px) 100vw, 1024px\" \/><\/a><\/figure>\n","protected":false},"excerpt":{"rendered":"<p>La 2\u00b0 Exposici\u00f3n y Encuentros de Vinculaci\u00f3n Empresaria y Negocios de la Patagonia (EVENPa) 2023, que se realiza en Puerto Madryn, y es organizada por la C\u00e1mara Industrial y de Comercio Exterior de Puerto Madryn y Regi\u00f3n Patagonia (CIMA) fue inaugurada este jueves con una multitudinaria concurrencia. El evento que se realiza desde el 13<\/p>\n","protected":false},"author":3,"featured_media":2177,"comment_status":"open","ping_status":"open","sticky":false,"template":"","format":"standard","meta":{"om_disable_all_campaigns":false,"_monsterinsights_skip_tracking":false,"_monsterinsights_sitenote_active":false,"_monsterinsights_sitenote_note":"","_monsterinsights_sitenote_category":0,"footnotes":""},"categories":[9],"tags":[173,174,91,172],"class_list":{"0":"post-2176","1":"post","2":"type-post","3":"status-publish","4":"format-standard","5":"has-post-thumbnail","7":"category-actualidad","8":"tag-comercio-exterior","9":"tag-evenpa-2023","10":"tag-featured","11":"tag-industria-pesquera"},"aioseo_notices":[],"amp_enabled":true,"_links":{"self":[{"href":"https:\/\/partedepesca.com.ar\/d\/wp-json\/wp\/v2\/posts\/2176","targetHints":{"allow":["GET"]}}],"collection":[{"href":"https:\/\/partedepesca.com.ar\/d\/wp-json\/wp\/v2\/posts"}],"about":[{"href":"https:\/\/partedepesca.com.ar\/d\/wp-json\/wp\/v2\/types\/post"}],"author":[{"embeddable":true,"href":"https:\/\/partedepesca.com.ar\/d\/wp-json\/wp\/v2\/users\/3"}],"replies":[{"embeddable":true,"href":"https:\/\/partedepesca.com.ar\/d\/wp-json\/wp\/v2\/comments?post=2176"}],"version-history":[{"count":2,"href":"https:\/\/partedepesca.com.ar\/d\/wp-json\/wp\/v2\/posts\/2176\/revisions"}],"predecessor-version":[{"id":2180,"href":"https:\/\/partedepesca.com.ar\/d\/wp-json\/wp\/v2\/posts\/2176\/revisions\/2180"}],"wp:featuredmedia":[{"embeddable":true,"href":"https:\/\/partedepesca.com.ar\/d\/wp-json\/wp\/v2\/media\/2177"}],"wp:attachment":[{"href":"https:\/\/partedepesca.com.ar\/d\/wp-json\/wp\/v2\/media?parent=2176"}],"wp:term":[{"taxonomy":"category","embeddable":true,"href":"https:\/\/partedepesca.com.ar\/d\/wp-json\/wp\/v2\/categories?post=2176"},{"taxonomy":"post_tag","embeddable":true,"href":"https:\/\/partedepesca.com.ar\/d\/wp-json\/wp\/v2\/tags?post=2176"}],"curies":[{"name":"wp","href":"https:\/\/api.w.org\/{rel}","templated":true}]}}