{"id":2139,"date":"2023-04-09T19:58:21","date_gmt":"2023-04-09T19:58:21","guid":{"rendered":"https:\/\/partedepesca.com.ar\/d\/?p=2139"},"modified":"2023-04-11T18:11:19","modified_gmt":"2023-04-11T18:11:19","slug":"comercio-exterior-e-industria-pesquera-en-la-agenda-de-evenpa-2023","status":"publish","type":"post","link":"https:\/\/partedepesca.com.ar\/d\/comercio-exterior-e-industria-pesquera-en-la-agenda-de-evenpa-2023\/","title":{"rendered":"Comercio exterior e industria pesquera en la agenda de EVENPa 2023"},"content":{"rendered":"\n<p>Las variables del comercio exterior en el contexto global y la actualidad de la industria pesquera argentina formar\u00e1n parte de las tem\u00e1ticas de abordaje en el evento empresarial multisectorial m\u00e1s importante de la Patagonia, que reunir\u00e1 esta semana a empresas tractoras, PyMEs y proveedores de todas \u00e1reas productivas<\/p>\n\n\n\n<p>La \u201cExposici\u00f3n y Encuentro de Vinculaci\u00f3n Empresaria y Negocios de la Patagonia\u201d (EVENPa 2023) organizada por la C\u00e1mara Industrial y de Comercio Exterior de Puerto Madryn y Regi\u00f3n Patagonia (CIMA), se llevar\u00e1 a cabo los d\u00edas 13, 14 y 15 de abril de 2023. Durante los tres d\u00edas el \u201cAuditorio Central\u201d tendr\u00e1 una convocante agenda de exposiciones, debate, deliberaciones y generaci\u00f3n de propuestas sobre una agenda vinculada a la industria y el desarrollo regional, entre otras.<\/p>\n\n\n\n<p><strong>SITUACI\u00d3N DEL COMEX<\/strong><\/p>\n\n\n\n<p>El jueves 13 de abril de 14:30 a 16:30 hs. habr\u00e1 un panel denominado: \u201cAspectos del Comercio Exterior &#8211; Situaci\u00f3n a nivel nacional y regional\u201d, que contar\u00e1 con la presencia de autoridades nacionales y provinciales, representantes de entidades empresarias y del sector privado. Se ha confirmado la participaci\u00f3n de Leandro Cavaco, Ministro de agricultura, Ganader\u00eda, Industria y Comercio de Chubut; Mart\u00edn Navarro de la Agencia Argentina de Inversiones y Comercio Internacional; Andr\u00e9s Traverso, Jefe de Comercio Exterior de la C\u00e1mara Argentina de Comercio y Servicios; Eduardo Arzani, titular de la Agencia Chubut al Mundo. Modera el panel Fernando Terraza de EACE.<\/p>\n\n\n\n<p><strong>ACTUALIDAD DE LA INDUSTRIA PESQUERA<\/strong><\/p>\n\n\n\n<p>A continuaci\u00f3n, de16:30 a 18:00hs. se presentar\u00e1 la \u201cMesa de la Industria Pesquera\u201d, en la cual se contar\u00e1 con la presencia de autoridades nacionales y provinciales, representantes de entidades empresarias y del sector privado.<\/p>\n\n\n\n<p>La actualidad de esta actividad econ\u00f3mica de fuerte impacto a nivel regional tendr\u00e1 el abordaje del Su\u00e1rez, Director Nacional de Coordinaci\u00f3n y Fiscalizaci\u00f3n Pesquera de la Subsecretar\u00eda de Pesca y Acuicultura de la Naci\u00f3n, Juli\u00e1n Su\u00e1rez, y en cuya mesa estar\u00e1n presentes tambi\u00e9n: Diana Bohn, Rectora UTN Regional Chubut; Agust\u00edn de la Fuente, Presidente de la C\u00e1mara Patag\u00f3nica de Industrias Pesqueras (CAPIP); Mar\u00eda Eva G\u00f3ngora y Mar\u00eda Soledad Schulze, Observatorio del sistema pesquero argentino. Posteriormente, a las 18:30 horas del jueves 13 de abril se realizar\u00e1 el acto oficial de la inauguraci\u00f3n de EVENPa 2023, con la presencia de autoridades locales, provinciales y nacionales.<\/p>\n","protected":false},"excerpt":{"rendered":"<p>Las variables del comercio exterior en el contexto global y la actualidad de la industria pesquera argentina formar\u00e1n parte de las tem\u00e1ticas de abordaje en el evento empresarial multisectorial m\u00e1s importante de la Patagonia, que reunir\u00e1 esta semana a empresas tractoras, PyMEs y proveedores de todas \u00e1reas productivas La \u201cExposici\u00f3n y Encuentro de Vinculaci\u00f3n Empresaria<\/p>\n","protected":false},"author":4,"featured_media":2140,"comment_status":"open","ping_status":"open","sticky":false,"template":"","format":"standard","meta":{"om_disable_all_campaigns":false,"_monsterinsights_skip_tracking":false,"_monsterinsights_sitenote_active":false,"_monsterinsights_sitenote_note":"","_monsterinsights_sitenote_category":0,"footnotes":""},"categories":[9],"tags":[173,174,91,172],"class_list":{"0":"post-2139","1":"post","2":"type-post","3":"status-publish","4":"format-standard","5":"has-post-thumbnail","7":"category-actualidad","8":"tag-comercio-exterior","9":"tag-evenpa-2023","10":"tag-featured","11":"tag-industria-pesquera"},"aioseo_notices":[],"amp_enabled":true,"_links":{"self":[{"href":"https:\/\/partedepesca.com.ar\/d\/wp-json\/wp\/v2\/posts\/2139","targetHints":{"allow":["GET"]}}],"collection":[{"href":"https:\/\/partedepesca.com.ar\/d\/wp-json\/wp\/v2\/posts"}],"about":[{"href":"https:\/\/partedepesca.com.ar\/d\/wp-json\/wp\/v2\/types\/post"}],"author":[{"embeddable":true,"href":"https:\/\/partedepesca.com.ar\/d\/wp-json\/wp\/v2\/users\/4"}],"replies":[{"embeddable":true,"href":"https:\/\/partedepesca.com.ar\/d\/wp-json\/wp\/v2\/comments?post=2139"}],"version-history":[{"count":2,"href":"https:\/\/partedepesca.com.ar\/d\/wp-json\/wp\/v2\/posts\/2139\/revisions"}],"predecessor-version":[{"id":2142,"href":"https:\/\/partedepesca.com.ar\/d\/wp-json\/wp\/v2\/posts\/2139\/revisions\/2142"}],"wp:featuredmedia":[{"embeddable":true,"href":"https:\/\/partedepesca.com.ar\/d\/wp-json\/wp\/v2\/media\/2140"}],"wp:attachment":[{"href":"https:\/\/partedepesca.com.ar\/d\/wp-json\/wp\/v2\/media?parent=2139"}],"wp:term":[{"taxonomy":"category","embeddable":true,"href":"https:\/\/partedepesca.com.ar\/d\/wp-json\/wp\/v2\/categories?post=2139"},{"taxonomy":"post_tag","embeddable":true,"href":"https:\/\/partedepesca.com.ar\/d\/wp-json\/wp\/v2\/tags?post=2139"}],"curies":[{"name":"wp","href":"https:\/\/api.w.org\/{rel}","templated":true}]}}