{"id":2129,"date":"2023-04-05T23:09:46","date_gmt":"2023-04-05T23:09:46","guid":{"rendered":"https:\/\/partedepesca.com.ar\/d\/?p=2129"},"modified":"2023-04-18T23:10:32","modified_gmt":"2023-04-18T23:10:32","slug":"la-pesca-podra-exportar-con-un-dolar-a-300-pesos-hasta-el-30-de-agosto","status":"publish","type":"post","link":"https:\/\/partedepesca.com.ar\/d\/la-pesca-podra-exportar-con-un-dolar-a-300-pesos-hasta-el-30-de-agosto\/","title":{"rendered":"La pesca podr\u00e1 exportar con un d\u00f3lar a $300 pesos hasta el 31 de agosto"},"content":{"rendered":"\n<p>Todas las posiciones arancelarias de la pesca quedar\u00e1n alcanzadas por el nuevo desdoblamiento cambiario anunciado hoy por el ministro de Econom\u00eda de la Naci\u00f3n, Sergio Massa, que comprende al complejo sojero, y a las denominadas \u2018econom\u00edas regionales\u2019, donde se incorpora a las exportaciones de la industria pesquera.<\/p>\n\n\n\n<p>Las medidas se tomar\u00e1n a trav\u00e9s de tres decretos que ser\u00e1n publicados durante el fin de semana largo. Este nuevo esquema se denominar\u00e1 &#8220;Programa de incremento exportador&#8221;, e incluir\u00e1 un acuerdo con las cerealeras para establecer un m\u00ednimo garantizado de liquidaci\u00f3n de exportaciones de soja por un per\u00edodo que no va a superar los 45 d\u00edas. Para ese caso, el plazo de vigencia del acuerdo ser\u00e1 del 8 de abril al 31 de mayo pr\u00f3ximo y el tipo de cambio fijo ser\u00e1 de 300 pesos.<\/p>\n\n\n\n<p>El paquete de medidas anunciadas por Massa incorpora un acuerdo con \u2018econom\u00edas regionales\u2019, cuyo plazo ir\u00e1 del 10 de abril al 31 de agosto. Deber\u00e1n participar del programa de precios y mantener los empleos para acceder a un tipo de cambio especial.<\/p>\n\n\n\n<p>El tercer decreto est\u00e1 destinado a castigar a aquellos que no liquidaron sus divisas dentro del plazo de 180 d\u00edas. Tendr\u00e1n un mes para regularizar sus situaciones, no podr\u00e1n acceder al mercado de divisas, ni tampoco a este beneficio temporal, y hasta se les suspender\u00eda el CUIT, seg\u00fan anticip\u00f3 el titular del Palacio de Hacienda.<\/p>\n\n\n\n<p>En el marco de esta ampliaci\u00f3n de las \u201ceconom\u00edas regionales\u201d, una vez que salgan los decretos, los organismos dependientes del Ministerio de Econom\u00eda citar\u00e1n a cada uno de los sectores exportadores para comunicarle \u2018medidas espec\u00edficas\u2019, una suerte de letra chica, adicionales a las exigencias que Massa comunic\u00f3 durante el anunci\u00f3 de este mi\u00e9rcoles; seg\u00fan confiaron representantes de la actividad pesquera que mantuvieron contacto con funcionarios de la Secretar\u00eda de Agricultura, Ganader\u00eda y Pesca, mientras se defin\u00edan pormenores del <a>\u201cPrograma de Incremento Exportador\u201d.<\/a><\/p>\n","protected":false},"excerpt":{"rendered":"<p>Todas las posiciones arancelarias de la pesca quedar\u00e1n alcanzadas por el nuevo desdoblamiento cambiario anunciado hoy por el ministro de Econom\u00eda de la Naci\u00f3n, Sergio Massa, que comprende al complejo sojero, y a las denominadas \u2018econom\u00edas regionales\u2019, donde se incorpora a las exportaciones de la industria pesquera. Las medidas se tomar\u00e1n a trav\u00e9s de tres<\/p>\n","protected":false},"author":3,"featured_media":2130,"comment_status":"open","ping_status":"open","sticky":false,"template":"","format":"standard","meta":{"om_disable_all_campaigns":false,"_monsterinsights_skip_tracking":false,"_monsterinsights_sitenote_active":false,"_monsterinsights_sitenote_note":"","_monsterinsights_sitenote_category":0,"footnotes":""},"categories":[6],"tags":[160,159,165,91],"class_list":{"0":"post-2129","1":"post","2":"type-post","3":"status-publish","4":"format-standard","5":"has-post-thumbnail","7":"category-comercio-exterior","8":"tag-dolar-pesca","9":"tag-dolar-soja","10":"tag-economias-regionales","11":"tag-featured"},"aioseo_notices":[],"amp_enabled":true,"_links":{"self":[{"href":"https:\/\/partedepesca.com.ar\/d\/wp-json\/wp\/v2\/posts\/2129","targetHints":{"allow":["GET"]}}],"collection":[{"href":"https:\/\/partedepesca.com.ar\/d\/wp-json\/wp\/v2\/posts"}],"about":[{"href":"https:\/\/partedepesca.com.ar\/d\/wp-json\/wp\/v2\/types\/post"}],"author":[{"embeddable":true,"href":"https:\/\/partedepesca.com.ar\/d\/wp-json\/wp\/v2\/users\/3"}],"replies":[{"embeddable":true,"href":"https:\/\/partedepesca.com.ar\/d\/wp-json\/wp\/v2\/comments?post=2129"}],"version-history":[{"count":2,"href":"https:\/\/partedepesca.com.ar\/d\/wp-json\/wp\/v2\/posts\/2129\/revisions"}],"predecessor-version":[{"id":2223,"href":"https:\/\/partedepesca.com.ar\/d\/wp-json\/wp\/v2\/posts\/2129\/revisions\/2223"}],"wp:featuredmedia":[{"embeddable":true,"href":"https:\/\/partedepesca.com.ar\/d\/wp-json\/wp\/v2\/media\/2130"}],"wp:attachment":[{"href":"https:\/\/partedepesca.com.ar\/d\/wp-json\/wp\/v2\/media?parent=2129"}],"wp:term":[{"taxonomy":"category","embeddable":true,"href":"https:\/\/partedepesca.com.ar\/d\/wp-json\/wp\/v2\/categories?post=2129"},{"taxonomy":"post_tag","embeddable":true,"href":"https:\/\/partedepesca.com.ar\/d\/wp-json\/wp\/v2\/tags?post=2129"}],"curies":[{"name":"wp","href":"https:\/\/api.w.org\/{rel}","templated":true}]}}