{"id":1937,"date":"2023-03-12T09:18:00","date_gmt":"2023-03-12T09:18:00","guid":{"rendered":"https:\/\/partedepesca.com.ar\/d\/?p=1937"},"modified":"2023-03-15T01:45:37","modified_gmt":"2023-03-15T01:45:37","slug":"empresarios-patagonicos-reiteran-reclamo-por-compensacion-fiscal-de-zona-desfavorable","status":"publish","type":"post","link":"https:\/\/partedepesca.com.ar\/d\/empresarios-patagonicos-reiteran-reclamo-por-compensacion-fiscal-de-zona-desfavorable\/","title":{"rendered":"Empresarios patag\u00f3nicos reiteran reclamo por compensaci\u00f3n fiscal de \u2018Zona Desfavorable\u2019"},"content":{"rendered":"\n<p>Este mi\u00e9rcoles 15 de marzo se llevar\u00e1 adelante en Comodoro Rivadavia la reuni\u00f3n regional Patagonia de la Confederaci\u00f3n Argentina de la Mediana Empresa (CAME) que reunir\u00e1 a empresarios de toda la regi\u00f3n.<\/p>\n\n\n\n<p>La cumbre tendr\u00e1 como uno de los temas clave el tratamiento de la iniciativa para reducir costos laborales con la compensaci\u00f3n de Zona Desfavorable, llevada hasta el Congreso Nacional por la Federaci\u00f3n Empresaria del Chubut (FECh) con un proyecto unificado entre legisladores de diferentes partidos. Una demanda que tambi\u00e9n es compartida por el sector industrial de la pesca.<\/p>\n\n\n\n<p>Entre las autoridades invitadas est\u00e1n los ministros de Producci\u00f3n de cada una de las provincias que componen la Patagonia y se espera por la llegada de los gobernadores.<\/p>\n\n\n\n<p>Durante meses se busc\u00f3 una redacci\u00f3n consensuada al proyecto de Ley Unificado de Compensaci\u00f3n del adicional por zona Desfavorable en la Patagonia. Al estar presentes en este c\u00f3nclave del mi\u00e9rcoles, los gobernadores de diferentes provincias, se buscar\u00e1 conseguir el compromiso pol\u00edtico para que esa iniciativa pueda ser empujada por un frente de legisladores de diversas provincias y de diferente extracci\u00f3n pol\u00edtica, lo que le dar\u00eda un mayor impulso para instalarlo en la \u201cagenda parlamentaria\u201d; cuesti\u00f3n que no ser\u00e1 f\u00e1cil en un a\u00f1o cruzado por la cuesti\u00f3n electoral.<\/p>\n\n\n\n<p>El adicional por \u201czona desfavorable\u201d es un \u00edtem que afrontan las empresas radicadas en la regi\u00f3n patag\u00f3nica; el mont\u00f3 var\u00eda, aunque tiene como base el 20 por ciento del salario de cada trabajador, y representa un sobrecosto laboral en comparaci\u00f3n por misma tarea en otro punto del pa\u00eds. La iniciativa propone que esos montos, abonados por ese \u00edtem, puedan ser compensados con otros impuestos nacionales, a trav\u00e9s de un cr\u00e9dito de libre disponibilidad en AFIP. Es decir, que ese adicional que abonan los empleadores lo puedan descontar de otros tributos.<\/p>\n","protected":false},"excerpt":{"rendered":"<p>Este mi\u00e9rcoles 15 de marzo se llevar\u00e1 adelante en Comodoro Rivadavia la reuni\u00f3n regional Patagonia de la Confederaci\u00f3n Argentina de la Mediana Empresa (CAME) que reunir\u00e1 a empresarios de toda la regi\u00f3n. La cumbre tendr\u00e1 como uno de los temas clave el tratamiento de la iniciativa para reducir costos laborales con la compensaci\u00f3n de Zona<\/p>\n","protected":false},"author":3,"featured_media":1938,"comment_status":"closed","ping_status":"open","sticky":false,"template":"","format":"standard","meta":{"om_disable_all_campaigns":false,"_monsterinsights_skip_tracking":false,"_monsterinsights_sitenote_active":false,"_monsterinsights_sitenote_note":"","_monsterinsights_sitenote_category":0,"footnotes":""},"categories":[9],"tags":[91],"class_list":{"0":"post-1937","1":"post","2":"type-post","3":"status-publish","4":"format-standard","5":"has-post-thumbnail","7":"category-actualidad","8":"tag-featured"},"aioseo_notices":[],"amp_enabled":true,"_links":{"self":[{"href":"https:\/\/partedepesca.com.ar\/d\/wp-json\/wp\/v2\/posts\/1937","targetHints":{"allow":["GET"]}}],"collection":[{"href":"https:\/\/partedepesca.com.ar\/d\/wp-json\/wp\/v2\/posts"}],"about":[{"href":"https:\/\/partedepesca.com.ar\/d\/wp-json\/wp\/v2\/types\/post"}],"author":[{"embeddable":true,"href":"https:\/\/partedepesca.com.ar\/d\/wp-json\/wp\/v2\/users\/3"}],"replies":[{"embeddable":true,"href":"https:\/\/partedepesca.com.ar\/d\/wp-json\/wp\/v2\/comments?post=1937"}],"version-history":[{"count":2,"href":"https:\/\/partedepesca.com.ar\/d\/wp-json\/wp\/v2\/posts\/1937\/revisions"}],"predecessor-version":[{"id":1940,"href":"https:\/\/partedepesca.com.ar\/d\/wp-json\/wp\/v2\/posts\/1937\/revisions\/1940"}],"wp:featuredmedia":[{"embeddable":true,"href":"https:\/\/partedepesca.com.ar\/d\/wp-json\/wp\/v2\/media\/1938"}],"wp:attachment":[{"href":"https:\/\/partedepesca.com.ar\/d\/wp-json\/wp\/v2\/media?parent=1937"}],"wp:term":[{"taxonomy":"category","embeddable":true,"href":"https:\/\/partedepesca.com.ar\/d\/wp-json\/wp\/v2\/categories?post=1937"},{"taxonomy":"post_tag","embeddable":true,"href":"https:\/\/partedepesca.com.ar\/d\/wp-json\/wp\/v2\/tags?post=1937"}],"curies":[{"name":"wp","href":"https:\/\/api.w.org\/{rel}","templated":true}]}}