{"id":1923,"date":"2023-03-08T19:29:28","date_gmt":"2023-03-08T19:29:28","guid":{"rendered":"https:\/\/partedepesca.com.ar\/d\/?p=1923"},"modified":"2023-03-13T00:44:32","modified_gmt":"2023-03-13T00:44:32","slug":"los-exportadores-pesqueros-tienen-que-tener-un-tipo-de-cambio-diferente","status":"publish","type":"post","link":"https:\/\/partedepesca.com.ar\/d\/los-exportadores-pesqueros-tienen-que-tener-un-tipo-de-cambio-diferente\/","title":{"rendered":"\u201cLos exportadores pesqueros tienen que tener un tipo de cambio diferente\u201d"},"content":{"rendered":"\n<p>El presidente del Centro de Despachantes de Aduana de la Rep\u00fablica Argentina (CDA), Gerardo Pardal, analiz\u00f3 la coyuntura actual del comercio exterior y las dificultades que afronta el sector exportador, como las trabas existentes para la importaci\u00f3n de insumos para diferentes procesos productivos e industriales.<\/p>\n\n\n\n<p>En declaraciones a PARTE DE PESCA, Pardal sostuvo que \u201ctras los dos a\u00f1os de pandemia, el 2022 fue un a\u00f1o de reacomodamiento para el comercio exterior, pero es un proceso lento\u201d, reconoci\u00f3.<\/p>\n\n\n\n<p>La paralizaci\u00f3n del comercio exterior \u201cprovoc\u00f3 un aumento de los costos de los fletes mar\u00edtimos, esto es una realidad. Hoy, cuatro l\u00edneas han acaparado casi todo el comercio mundial y esto repercute en los fletes. El valor de los fletes se elev\u00f3 hasta tres o cuatro veces lo que val\u00edan antes de la pandemia\u201d, grafic\u00f3 al dimensionar la escalada que tuvo la log\u00edstica del transporte mar\u00edtimo global.<\/p>\n\n\n\n<p>\u201cHay determinadas rutas o destinos de exportaciones que se llega con muy pocas l\u00edneas mar\u00edtimas, con lo cual se deben asumir esos valores de los fletes si que quiere realizar una operaci\u00f3n\u201d, admiti\u00f3 el titular del CDA.<\/p>\n\n\n\n<figure class=\"wp-block-image size-full\"><a href=\"https:\/\/partedepesca.com.ar\/d\/wp-content\/uploads\/2023\/03\/gerardo-pardal-centro-despachantes-de-aduana-de-la-republica-argentina.jpg\"><img fetchpriority=\"high\" decoding=\"async\" width=\"700\" height=\"506\" src=\"https:\/\/partedepesca.com.ar\/d\/wp-content\/uploads\/2023\/03\/gerardo-pardal-centro-despachantes-de-aduana-de-la-republica-argentina.jpg\" alt=\"\" class=\"wp-image-1924\" srcset=\"https:\/\/partedepesca.com.ar\/d\/wp-content\/uploads\/2023\/03\/gerardo-pardal-centro-despachantes-de-aduana-de-la-republica-argentina.jpg 700w, https:\/\/partedepesca.com.ar\/d\/wp-content\/uploads\/2023\/03\/gerardo-pardal-centro-despachantes-de-aduana-de-la-republica-argentina-300x217.jpg 300w, https:\/\/partedepesca.com.ar\/d\/wp-content\/uploads\/2023\/03\/gerardo-pardal-centro-despachantes-de-aduana-de-la-republica-argentina-150x108.jpg 150w, https:\/\/partedepesca.com.ar\/d\/wp-content\/uploads\/2023\/03\/gerardo-pardal-centro-despachantes-de-aduana-de-la-republica-argentina-450x325.jpg 450w\" sizes=\"(max-width: 700px) 100vw, 700px\" \/><\/a><\/figure>\n\n\n\n<p>Pardal sostuvo que, a nivel local, \u201cla restricci\u00f3n para acceder a d\u00f3lares, las limitaciones a las importaciones afectan a todos. Hace much\u00edsimos a\u00f1os estoy en comercio exterior y este escenario es complejo tanto para las expo como las impo\u201d.<\/p>\n\n\n\n<p>En el pa\u00eds hoy existen unos 16 tipos de cambio diferentes lo que provoca desigualdades sectoriales a la hora de comercializar sus productos al exterior. En tal sentido, Gerardo Pardal reconoci\u00f3 que \u201clos exportadores pesqueros tienen que tener un tipo de cambio diferente, como lo tiene la soja. Hay tambi\u00e9n otros sectores exportadores de la Patagonia que necesitan un d\u00f3lar competitivo\u201d, opin\u00f3.<\/p>\n\n\n\n<p><strong>Ca\u00edda en el ranking exportador<\/strong><\/p>\n\n\n\n<p>En el ranking exportador, nuestro pa\u00eds ha ido perdiendo lugares y hoy se ubica en el puesto 48 a nivel mundial. \u201cTengo la esperanza de que Argentina en alg\u00fan momento recupere posiciones, pero para ello se requieren planes econ\u00f3micos con continuidad. Otros pa\u00edses de la regi\u00f3n tienen experiencias muy valiosas en este sentido, cambian sus gobiernos, pero sus pol\u00edticas econ\u00f3micas mantienen un rumbo, lo cual no pasa ac\u00e1\u201d, compar\u00f3.<\/p>\n\n\n\n<p><strong>Desaceleraci\u00f3n del Comex <\/strong><\/p>\n\n\n\n<p>Otro dato, es que la Organizaci\u00f3n Mundial del Comercio (OMC) prev\u00e9 para 2023 solo un incremento de las exportaciones del 0,3% para Am\u00e9rica Latina; \u201cel panorama sigue siendo complejo, a diferente nivel en cada pa\u00eds. Hay una desaceleraci\u00f3n del comercio por diferentes factores globales y locales\u201d, evalu\u00f3.<\/p>\n","protected":false},"excerpt":{"rendered":"<p>El presidente del Centro de Despachantes de Aduana de la Rep\u00fablica Argentina (CDA), Gerardo Pardal, analiz\u00f3 la coyuntura actual del comercio exterior y las dificultades que afronta el sector exportador, como las trabas existentes para la importaci\u00f3n de insumos para diferentes procesos productivos e industriales. En declaraciones a PARTE DE PESCA, Pardal sostuvo que \u201ctras<\/p>\n","protected":false},"author":3,"featured_media":1926,"comment_status":"open","ping_status":"open","sticky":false,"template":"","format":"standard","meta":{"om_disable_all_campaigns":false,"_monsterinsights_skip_tracking":false,"_monsterinsights_sitenote_active":false,"_monsterinsights_sitenote_note":"","_monsterinsights_sitenote_category":0,"footnotes":""},"categories":[6],"tags":[91],"class_list":{"0":"post-1923","1":"post","2":"type-post","3":"status-publish","4":"format-standard","5":"has-post-thumbnail","7":"category-comercio-exterior","8":"tag-featured"},"aioseo_notices":[],"amp_enabled":true,"_links":{"self":[{"href":"https:\/\/partedepesca.com.ar\/d\/wp-json\/wp\/v2\/posts\/1923","targetHints":{"allow":["GET"]}}],"collection":[{"href":"https:\/\/partedepesca.com.ar\/d\/wp-json\/wp\/v2\/posts"}],"about":[{"href":"https:\/\/partedepesca.com.ar\/d\/wp-json\/wp\/v2\/types\/post"}],"author":[{"embeddable":true,"href":"https:\/\/partedepesca.com.ar\/d\/wp-json\/wp\/v2\/users\/3"}],"replies":[{"embeddable":true,"href":"https:\/\/partedepesca.com.ar\/d\/wp-json\/wp\/v2\/comments?post=1923"}],"version-history":[{"count":2,"href":"https:\/\/partedepesca.com.ar\/d\/wp-json\/wp\/v2\/posts\/1923\/revisions"}],"predecessor-version":[{"id":1927,"href":"https:\/\/partedepesca.com.ar\/d\/wp-json\/wp\/v2\/posts\/1923\/revisions\/1927"}],"wp:featuredmedia":[{"embeddable":true,"href":"https:\/\/partedepesca.com.ar\/d\/wp-json\/wp\/v2\/media\/1926"}],"wp:attachment":[{"href":"https:\/\/partedepesca.com.ar\/d\/wp-json\/wp\/v2\/media?parent=1923"}],"wp:term":[{"taxonomy":"category","embeddable":true,"href":"https:\/\/partedepesca.com.ar\/d\/wp-json\/wp\/v2\/categories?post=1923"},{"taxonomy":"post_tag","embeddable":true,"href":"https:\/\/partedepesca.com.ar\/d\/wp-json\/wp\/v2\/tags?post=1923"}],"curies":[{"name":"wp","href":"https:\/\/api.w.org\/{rel}","templated":true}]}}